{"id":2652,"date":"2023-03-31T06:50:23","date_gmt":"2023-03-31T09:50:23","guid":{"rendered":"https:\/\/motors.cl\/corporativo\/?p=2652"},"modified":"2025-05-26T12:29:29","modified_gmt":"2025-05-26T15:29:29","slug":"cambio-de-correa-de-distribucion","status":"publish","type":"post","link":"https:\/\/motors.cl\/corporativo\/cambio-de-correa-de-distribucion\/","title":{"rendered":"Cambio de Correa de Distribuci\u00f3n"},"content":{"rendered":"<p><a class=\"unsubscribe\" href=\"tel:+56222226544\"><img decoding=\"async\" loading=\"lazy\" class=\"aligncenter wp-image-2750 size-full\" src=\"https:\/\/motors.cl\/corporativo\/wp-content\/uploads\/2021\/11\/llamanos.jpg\" alt=\"\" width=\"770\" height=\"129\" srcset=\"https:\/\/motors.cl\/corporativo\/wp-content\/uploads\/2021\/11\/llamanos.jpg 770w, https:\/\/motors.cl\/corporativo\/wp-content\/uploads\/2021\/11\/llamanos-300x50.jpg 300w, https:\/\/motors.cl\/corporativo\/wp-content\/uploads\/2021\/11\/llamanos-768x129.jpg 768w, https:\/\/motors.cl\/corporativo\/wp-content\/uploads\/2021\/11\/llamanos-700x117.jpg 700w\" sizes=\"(max-width: 770px) 100vw, 770px\" \/><\/a><\/p>\n<p><b>\u00bfNecesitas cambiar la correa de distribuci\u00f3n de tu auto?<\/b><\/p>\n<p>Nosotros te ayudamos a mantener tu motor en \u00f3ptimas condiciones. Contamos con especialistas en cambio de kit de distribuci\u00f3n que te brindar\u00e1n una soluci\u00f3n r\u00e1pida, eficiente y a un precio justo.<span class=\"Apple-converted-space\">\u00a0<\/span><\/p>\n<p>Adem\u00e1s, en te ofrecemos asesor\u00eda personalizada y sin costo alguno en cualquiera de nuestros locales. \u00a1No esperes m\u00e1s y cotiza con nosotros para garantizar la seguridad y confiabilidad de tu veh\u00edculo!<\/p>\n<p><b>\u00bfEn qu\u00e9 consiste el servicio de cambio de correa de distribuci\u00f3n?<\/b><\/p>\n<p>Corresponde al cambio de esta autoparte, considerando adem\u00e1s todos los elementos que interact\u00faan con ella. A esto se le denomina <b>\u201cKit de Distribuci\u00f3n\u201d <\/b>(Tensores, rodamientos, Bomba de Agua, compensadores, etc )<span class=\"Apple-converted-space\">\u00a0<\/span><\/p>\n<p>Es imprescindible reemplazar todos estos elementos al momento de realizar el servicio.<\/p>\n<p><b>Servicio disponible para todo tipo de Autom\u00f3vil, SUV, Todo Terreno y Camionetas.<\/b><\/p>\n<p><img decoding=\"async\" loading=\"lazy\" class=\"alignnone wp-image-2656 size-full\" src=\"https:\/\/motors.cl\/corporativo\/wp-content\/uploads\/2023\/03\/correa-distribucion.jpg\" alt=\"\" width=\"886\" height=\"116\" srcset=\"https:\/\/motors.cl\/corporativo\/wp-content\/uploads\/2023\/03\/correa-distribucion.jpg 886w, https:\/\/motors.cl\/corporativo\/wp-content\/uploads\/2023\/03\/correa-distribucion-300x39.jpg 300w, https:\/\/motors.cl\/corporativo\/wp-content\/uploads\/2023\/03\/correa-distribucion-768x101.jpg 768w, https:\/\/motors.cl\/corporativo\/wp-content\/uploads\/2023\/03\/correa-distribucion-700x92.jpg 700w\" sizes=\"(max-width: 886px) 100vw, 886px\" \/><\/p>\n<p><b>\u00bfQu\u00e9 es la correa de distribuci\u00f3n?<\/b><\/p>\n<p>La correa de distribuci\u00f3n es un elemento imprescindible para el funcionamiento \u00f3ptimo de cualquier motor de combusti\u00f3n, ya sea di\u00e9sel o gasolina. Esta correa, a trav\u00e9s de un conjunto de poleas y tensores, conecta el cig\u00fce\u00f1al del motor con los <a href=\"https:\/\/club.autodoc.es\/magazin\/que-es-arbol-de-levas-funcion-tipos-sintomas\">\u00e1rboles de levas<\/a>, cuya funci\u00f3n es regular la apertura y cierre de las v\u00e1lvulas de admisi\u00f3n y escape.<\/p>\n<p>Si abrimos el capot del auto no podremos ver la correa de distribuci\u00f3n ya que esta autoparte se encuentra tapada. Nunca confundir con las correas exteriores, ya que estas son de otras autopartes como el Alternador, direcci\u00f3n, A\/C etc.<\/p>\n<table style=\"height: 250px;\" width=\"715\">\n<tbody>\n<tr>\n<td style=\"background-color: #dcdcdc;\" width=\"50%\"><img decoding=\"async\" loading=\"lazy\" class=\"wp-image-2646 size-full alignleft\" src=\"https:\/\/motors.cl\/corporativo\/wp-content\/uploads\/2023\/03\/tips.png\" alt=\"\" width=\"186\" height=\"209\" \/><\/p>\n<p><b>\u00bfCada cuanto tiempo se cambia la correa de distribuci\u00f3n?<\/b><\/p>\n<p>El cambio de correa de distribuci\u00f3n se realiza entre los 80.000 Kil\u00f3metros y los 120.000 Kil\u00f3metros, dependiendo de la pauta del fabricante.<\/td>\n<\/tr>\n<\/tbody>\n<\/table>\n<p>&nbsp;<\/p>\n<p><b>\u00bfQu\u00e9 pasa si se corta la correa de distribuci\u00f3n?<\/b><\/p>\n<p>Si no se cambia la correa de distribuci\u00f3n, te puedes quedar sin motor. Si se deja que la correa de distribuci\u00f3n se desgaste, acabar\u00e1 rompi\u00e9ndose y, cuando esto ocurre, se pierde la sincron\u00eda entre pistones y v\u00e1lvulas.<\/p>\n<p>Dicho de otro modo, si la correa de distribuci\u00f3n se rompe y el pist\u00f3n pierde su sincron\u00eda con las v\u00e1lvulas, acabar\u00e1 impactando contra ellas en cuesti\u00f3n de milisegundos. La velocidad del pist\u00f3n de un motor es de decenas de metros por segundo, as\u00ed que cuando el pist\u00f3n impacta con las v\u00e1lvulas del motor las dobla, adem\u00e1s de causar da\u00f1os en su superficie y la culata.<\/p>\n<table style=\"height: 250px;\" width=\"715\">\n<tbody>\n<tr>\n<td style=\"background-color: #ffffff;\" width=\"50%\"><img decoding=\"async\" loading=\"lazy\" class=\"wp-image-2660 size-full alignright\" src=\"https:\/\/motors.cl\/corporativo\/wp-content\/uploads\/2023\/03\/corres-distribucion-MOTORS.jpg\" alt=\"\" width=\"279\" height=\"200\" \/><\/p>\n<p><b>\u00bfSAB\u00cdAS QUE?<\/b><\/p>\n<p>Es una de las m\u00e1s graves aver\u00edas y la reparaci\u00f3n puede ascender a millones de pesos.<\/td>\n<\/tr>\n<\/tbody>\n<\/table>\n<hr \/>\n<a  itemprop=\"url\" href=\"https:\/\/motors.cl\/corporativo\/contacto\/\" target=\"_self\"  class=\"qbutton  medium default\" style=\"\">Cont\u00e1ctenos<\/a>\n","protected":false},"excerpt":{"rendered":"<p>\u00bfNecesitas cambiar la correa de distribuci\u00f3n de tu auto? Nosotros te ayudamos a mantener tu motor en \u00f3ptimas condiciones. Contamos&#8230;<\/p>\n","protected":false},"author":6,"featured_media":2943,"comment_status":"open","ping_status":"open","sticky":false,"template":"","format":"standard","meta":{"_exactmetrics_skip_tracking":false,"_exactmetrics_sitenote_active":false,"_exactmetrics_sitenote_note":"","_exactmetrics_sitenote_category":0},"categories":[20,18,17,19,28],"tags":[],"yoast_head":"<!-- This site is optimized with the Yoast SEO plugin v21.0 - https:\/\/yoast.com\/wordpress\/plugins\/seo\/ -->\n<title>Cambio de Correa de Distribuci\u00f3n - Authievre Motors<\/title>\n<meta name=\"robots\" content=\"index, follow, max-snippet:-1, max-image-preview:large, max-video-preview:-1\" \/>\n<link rel=\"canonical\" href=\"https:\/\/motors.cl\/corporativo\/cambio-de-correa-de-distribucion\/\" \/>\n<meta property=\"og:locale\" content=\"es_ES\" \/>\n<meta property=\"og:type\" content=\"article\" \/>\n<meta property=\"og:title\" content=\"Cambio de Correa de Distribuci\u00f3n - Authievre Motors\" \/>\n<meta property=\"og:description\" content=\"\u00bfNecesitas cambiar la correa de distribuci\u00f3n de tu auto? Nosotros te ayudamos a mantener tu motor en \u00f3ptimas condiciones. Contamos...\" \/>\n<meta property=\"og:url\" content=\"https:\/\/motors.cl\/corporativo\/cambio-de-correa-de-distribucion\/\" \/>\n<meta property=\"og:site_name\" content=\"Authievre Motors\" \/>\n<meta property=\"article:published_time\" content=\"2023-03-31T09:50:23+00:00\" \/>\n<meta property=\"article:modified_time\" content=\"2025-05-26T15:29:29+00:00\" \/>\n<meta property=\"og:image\" content=\"https:\/\/motors.cl\/corporativo\/wp-content\/uploads\/2023\/03\/cambio-correa.jpg\" \/>\n\t<meta property=\"og:image:width\" content=\"67\" \/>\n\t<meta property=\"og:image:height\" content=\"73\" \/>\n\t<meta property=\"og:image:type\" content=\"image\/jpeg\" \/>\n<meta name=\"author\" content=\"Mary Parentini\" \/>\n<meta name=\"twitter:card\" content=\"summary_large_image\" \/>\n<meta name=\"twitter:label1\" content=\"Escrito por\" \/>\n\t<meta name=\"twitter:data1\" content=\"Mary Parentini\" \/>\n\t<meta name=\"twitter:label2\" content=\"Tiempo de lectura\" \/>\n\t<meta name=\"twitter:data2\" content=\"3 minutos\" \/>\n<script type=\"application\/ld+json\" class=\"yoast-schema-graph\">{\"@context\":\"https:\/\/schema.org\",\"@graph\":[{\"@type\":\"Article\",\"@id\":\"https:\/\/motors.cl\/corporativo\/cambio-de-correa-de-distribucion\/#article\",\"isPartOf\":{\"@id\":\"https:\/\/motors.cl\/corporativo\/cambio-de-correa-de-distribucion\/\"},\"author\":{\"name\":\"Mary Parentini\",\"@id\":\"https:\/\/motors.cl\/corporativo\/#\/schema\/person\/18ee75a0789743096e118a9da4bc0de1\"},\"headline\":\"Cambio de Correa de Distribuci\u00f3n\",\"datePublished\":\"2023-03-31T09:50:23+00:00\",\"dateModified\":\"2025-05-26T15:29:29+00:00\",\"mainEntityOfPage\":{\"@id\":\"https:\/\/motors.cl\/corporativo\/cambio-de-correa-de-distribucion\/\"},\"wordCount\":472,\"commentCount\":0,\"publisher\":{\"@id\":\"https:\/\/motors.cl\/corporativo\/#organization\"},\"articleSection\":[\"Las Condes (Estoril)\",\"Movicenter\",\"Providencia\",\"Santiago Centro Serviteca\",\"SERVICIOS AUTOMOTRICES\"],\"inLanguage\":\"es\",\"potentialAction\":[{\"@type\":\"CommentAction\",\"name\":\"Comment\",\"target\":[\"https:\/\/motors.cl\/corporativo\/cambio-de-correa-de-distribucion\/#respond\"]}]},{\"@type\":\"WebPage\",\"@id\":\"https:\/\/motors.cl\/corporativo\/cambio-de-correa-de-distribucion\/\",\"url\":\"https:\/\/motors.cl\/corporativo\/cambio-de-correa-de-distribucion\/\",\"name\":\"Cambio de Correa de Distribuci\u00f3n - Authievre Motors\",\"isPartOf\":{\"@id\":\"https:\/\/motors.cl\/corporativo\/#website\"},\"datePublished\":\"2023-03-31T09:50:23+00:00\",\"dateModified\":\"2025-05-26T15:29:29+00:00\",\"breadcrumb\":{\"@id\":\"https:\/\/motors.cl\/corporativo\/cambio-de-correa-de-distribucion\/#breadcrumb\"},\"inLanguage\":\"es\",\"potentialAction\":[{\"@type\":\"ReadAction\",\"target\":[\"https:\/\/motors.cl\/corporativo\/cambio-de-correa-de-distribucion\/\"]}]},{\"@type\":\"BreadcrumbList\",\"@id\":\"https:\/\/motors.cl\/corporativo\/cambio-de-correa-de-distribucion\/#breadcrumb\",\"itemListElement\":[{\"@type\":\"ListItem\",\"position\":1,\"name\":\"Portada\",\"item\":\"https:\/\/motors.cl\/corporativo\/\"},{\"@type\":\"ListItem\",\"position\":2,\"name\":\"Cambio de Correa de Distribuci\u00f3n\"}]},{\"@type\":\"WebSite\",\"@id\":\"https:\/\/motors.cl\/corporativo\/#website\",\"url\":\"https:\/\/motors.cl\/corporativo\/\",\"name\":\"Authievre Motors\",\"description\":\"Mec\u00e1nica Diesel, Servicios Automotriz y Neum\u00e1ticos\",\"publisher\":{\"@id\":\"https:\/\/motors.cl\/corporativo\/#organization\"},\"potentialAction\":[{\"@type\":\"SearchAction\",\"target\":{\"@type\":\"EntryPoint\",\"urlTemplate\":\"https:\/\/motors.cl\/corporativo\/?s={search_term_string}\"},\"query-input\":\"required name=search_term_string\"}],\"inLanguage\":\"es\"},{\"@type\":\"Organization\",\"@id\":\"https:\/\/motors.cl\/corporativo\/#organization\",\"name\":\"Authievre Motors\",\"url\":\"https:\/\/motors.cl\/corporativo\/\",\"logo\":{\"@type\":\"ImageObject\",\"inLanguage\":\"es\",\"@id\":\"https:\/\/motors.cl\/corporativo\/#\/schema\/logo\/image\/\",\"url\":\"https:\/\/motors.cl\/corporativo\/wp-content\/uploads\/2021\/02\/logo-motors.png\",\"contentUrl\":\"https:\/\/motors.cl\/corporativo\/wp-content\/uploads\/2021\/02\/logo-motors.png\",\"width\":139,\"height\":69,\"caption\":\"Authievre Motors\"},\"image\":{\"@id\":\"https:\/\/motors.cl\/corporativo\/#\/schema\/logo\/image\/\"}},{\"@type\":\"Person\",\"@id\":\"https:\/\/motors.cl\/corporativo\/#\/schema\/person\/18ee75a0789743096e118a9da4bc0de1\",\"name\":\"Mary Parentini\",\"image\":{\"@type\":\"ImageObject\",\"inLanguage\":\"es\",\"@id\":\"https:\/\/motors.cl\/corporativo\/#\/schema\/person\/image\/\",\"url\":\"https:\/\/secure.gravatar.com\/avatar\/27e4d9dee4b341193acd411101274024?s=96&d=mm&r=g\",\"contentUrl\":\"https:\/\/secure.gravatar.com\/avatar\/27e4d9dee4b341193acd411101274024?s=96&d=mm&r=g\",\"caption\":\"Mary Parentini\"},\"url\":\"https:\/\/motors.cl\/corporativo\/author\/mary-parentini\/\"}]}<\/script>\n<!-- \/ Yoast SEO plugin. -->","yoast_head_json":{"title":"Cambio de Correa de Distribuci\u00f3n - Authievre Motors","robots":{"index":"index","follow":"follow","max-snippet":"max-snippet:-1","max-image-preview":"max-image-preview:large","max-video-preview":"max-video-preview:-1"},"canonical":"https:\/\/motors.cl\/corporativo\/cambio-de-correa-de-distribucion\/","og_locale":"es_ES","og_type":"article","og_title":"Cambio de Correa de Distribuci\u00f3n - Authievre Motors","og_description":"\u00bfNecesitas cambiar la correa de distribuci\u00f3n de tu auto? Nosotros te ayudamos a mantener tu motor en \u00f3ptimas condiciones. Contamos...","og_url":"https:\/\/motors.cl\/corporativo\/cambio-de-correa-de-distribucion\/","og_site_name":"Authievre Motors","article_published_time":"2023-03-31T09:50:23+00:00","article_modified_time":"2025-05-26T15:29:29+00:00","og_image":[{"width":67,"height":73,"url":"https:\/\/motors.cl\/corporativo\/wp-content\/uploads\/2023\/03\/cambio-correa.jpg","type":"image\/jpeg"}],"author":"Mary Parentini","twitter_card":"summary_large_image","twitter_misc":{"Escrito por":"Mary Parentini","Tiempo de lectura":"3 minutos"},"schema":{"@context":"https:\/\/schema.org","@graph":[{"@type":"Article","@id":"https:\/\/motors.cl\/corporativo\/cambio-de-correa-de-distribucion\/#article","isPartOf":{"@id":"https:\/\/motors.cl\/corporativo\/cambio-de-correa-de-distribucion\/"},"author":{"name":"Mary Parentini","@id":"https:\/\/motors.cl\/corporativo\/#\/schema\/person\/18ee75a0789743096e118a9da4bc0de1"},"headline":"Cambio de Correa de Distribuci\u00f3n","datePublished":"2023-03-31T09:50:23+00:00","dateModified":"2025-05-26T15:29:29+00:00","mainEntityOfPage":{"@id":"https:\/\/motors.cl\/corporativo\/cambio-de-correa-de-distribucion\/"},"wordCount":472,"commentCount":0,"publisher":{"@id":"https:\/\/motors.cl\/corporativo\/#organization"},"articleSection":["Las Condes (Estoril)","Movicenter","Providencia","Santiago Centro Serviteca","SERVICIOS AUTOMOTRICES"],"inLanguage":"es","potentialAction":[{"@type":"CommentAction","name":"Comment","target":["https:\/\/motors.cl\/corporativo\/cambio-de-correa-de-distribucion\/#respond"]}]},{"@type":"WebPage","@id":"https:\/\/motors.cl\/corporativo\/cambio-de-correa-de-distribucion\/","url":"https:\/\/motors.cl\/corporativo\/cambio-de-correa-de-distribucion\/","name":"Cambio de Correa de Distribuci\u00f3n - Authievre Motors","isPartOf":{"@id":"https:\/\/motors.cl\/corporativo\/#website"},"datePublished":"2023-03-31T09:50:23+00:00","dateModified":"2025-05-26T15:29:29+00:00","breadcrumb":{"@id":"https:\/\/motors.cl\/corporativo\/cambio-de-correa-de-distribucion\/#breadcrumb"},"inLanguage":"es","potentialAction":[{"@type":"ReadAction","target":["https:\/\/motors.cl\/corporativo\/cambio-de-correa-de-distribucion\/"]}]},{"@type":"BreadcrumbList","@id":"https:\/\/motors.cl\/corporativo\/cambio-de-correa-de-distribucion\/#breadcrumb","itemListElement":[{"@type":"ListItem","position":1,"name":"Portada","item":"https:\/\/motors.cl\/corporativo\/"},{"@type":"ListItem","position":2,"name":"Cambio de Correa de Distribuci\u00f3n"}]},{"@type":"WebSite","@id":"https:\/\/motors.cl\/corporativo\/#website","url":"https:\/\/motors.cl\/corporativo\/","name":"Authievre Motors","description":"Mec\u00e1nica Diesel, Servicios Automotriz y Neum\u00e1ticos","publisher":{"@id":"https:\/\/motors.cl\/corporativo\/#organization"},"potentialAction":[{"@type":"SearchAction","target":{"@type":"EntryPoint","urlTemplate":"https:\/\/motors.cl\/corporativo\/?s={search_term_string}"},"query-input":"required name=search_term_string"}],"inLanguage":"es"},{"@type":"Organization","@id":"https:\/\/motors.cl\/corporativo\/#organization","name":"Authievre Motors","url":"https:\/\/motors.cl\/corporativo\/","logo":{"@type":"ImageObject","inLanguage":"es","@id":"https:\/\/motors.cl\/corporativo\/#\/schema\/logo\/image\/","url":"https:\/\/motors.cl\/corporativo\/wp-content\/uploads\/2021\/02\/logo-motors.png","contentUrl":"https:\/\/motors.cl\/corporativo\/wp-content\/uploads\/2021\/02\/logo-motors.png","width":139,"height":69,"caption":"Authievre Motors"},"image":{"@id":"https:\/\/motors.cl\/corporativo\/#\/schema\/logo\/image\/"}},{"@type":"Person","@id":"https:\/\/motors.cl\/corporativo\/#\/schema\/person\/18ee75a0789743096e118a9da4bc0de1","name":"Mary Parentini","image":{"@type":"ImageObject","inLanguage":"es","@id":"https:\/\/motors.cl\/corporativo\/#\/schema\/person\/image\/","url":"https:\/\/secure.gravatar.com\/avatar\/27e4d9dee4b341193acd411101274024?s=96&d=mm&r=g","contentUrl":"https:\/\/secure.gravatar.com\/avatar\/27e4d9dee4b341193acd411101274024?s=96&d=mm&r=g","caption":"Mary Parentini"},"url":"https:\/\/motors.cl\/corporativo\/author\/mary-parentini\/"}]}},"_links":{"self":[{"href":"https:\/\/motors.cl\/corporativo\/wp-json\/wp\/v2\/posts\/2652"}],"collection":[{"href":"https:\/\/motors.cl\/corporativo\/wp-json\/wp\/v2\/posts"}],"about":[{"href":"https:\/\/motors.cl\/corporativo\/wp-json\/wp\/v2\/types\/post"}],"author":[{"embeddable":true,"href":"https:\/\/motors.cl\/corporativo\/wp-json\/wp\/v2\/users\/6"}],"replies":[{"embeddable":true,"href":"https:\/\/motors.cl\/corporativo\/wp-json\/wp\/v2\/comments?post=2652"}],"version-history":[{"count":16,"href":"https:\/\/motors.cl\/corporativo\/wp-json\/wp\/v2\/posts\/2652\/revisions"}],"predecessor-version":[{"id":3092,"href":"https:\/\/motors.cl\/corporativo\/wp-json\/wp\/v2\/posts\/2652\/revisions\/3092"}],"wp:featuredmedia":[{"embeddable":true,"href":"https:\/\/motors.cl\/corporativo\/wp-json\/wp\/v2\/media\/2943"}],"wp:attachment":[{"href":"https:\/\/motors.cl\/corporativo\/wp-json\/wp\/v2\/media?parent=2652"}],"wp:term":[{"taxonomy":"category","embeddable":true,"href":"https:\/\/motors.cl\/corporativo\/wp-json\/wp\/v2\/categories?post=2652"},{"taxonomy":"post_tag","embeddable":true,"href":"https:\/\/motors.cl\/corporativo\/wp-json\/wp\/v2\/tags?post=2652"}],"curies":[{"name":"wp","href":"https:\/\/api.w.org\/{rel}","templated":true}]}}