{"id":2622,"date":"2023-03-30T17:20:53","date_gmt":"2023-03-30T20:20:53","guid":{"rendered":"https:\/\/motors.cl\/corporativo\/?p=2622"},"modified":"2025-05-26T12:29:37","modified_gmt":"2025-05-26T15:29:37","slug":"tren-delantero","status":"publish","type":"post","link":"https:\/\/motors.cl\/corporativo\/tren-delantero\/","title":{"rendered":"Tren delantero"},"content":{"rendered":"<p><a class=\"unsubscribe\" href=\"tel:+5622 2223918\"><br \/>\n<\/a><a class=\"unsubscribe\" href=\"tel:+56222226544\"><img decoding=\"async\" loading=\"lazy\" class=\"aligncenter wp-image-2750 size-full\" src=\"https:\/\/motors.cl\/corporativo\/wp-content\/uploads\/2021\/11\/llamanos.jpg\" alt=\"\" width=\"770\" height=\"129\" srcset=\"https:\/\/motors.cl\/corporativo\/wp-content\/uploads\/2021\/11\/llamanos.jpg 770w, https:\/\/motors.cl\/corporativo\/wp-content\/uploads\/2021\/11\/llamanos-300x50.jpg 300w, https:\/\/motors.cl\/corporativo\/wp-content\/uploads\/2021\/11\/llamanos-768x129.jpg 768w, https:\/\/motors.cl\/corporativo\/wp-content\/uploads\/2021\/11\/llamanos-700x117.jpg 700w\" sizes=\"(max-width: 770px) 100vw, 770px\" \/><\/a><\/p>\n<p><b>\u00bfProblemas con el tren delantero?<span class=\"Apple-converted-space\">\u00a0<\/span><\/b><\/p>\n<p>No te preocupes, En Authi\u00e8vre somos expertos en diagnosticar y reparar el tren delantero de tu veh\u00edculo.<span class=\"Apple-converted-space\">\u00a0<\/span><\/p>\n<p>En Authi\u00e8vre Motors, contamos con personal altamente calificado y la m\u00e1s alta tecnolog\u00eda en equipos y herramientas para la reparaci\u00f3n de este conjunto de partes de vital importancia<span class=\"Apple-converted-space\">\u00a0<\/span><\/p>\n<p>Las Condes, Movicenter, Providencia, Santiago Centro<span class=\"Apple-converted-space\">\u00a0<\/span><\/p>\n<p>Servicio disponible para todo tipo de Autom\u00f3vil, SUV, Todo Terreno y Camionetas.<\/p>\n<p><img decoding=\"async\" loading=\"lazy\" class=\"aligncenter wp-image-2626 size-full\" src=\"https:\/\/motors.cl\/corporativo\/wp-content\/uploads\/2023\/03\/costo-0.jpg\" alt=\"\" width=\"886\" height=\"116\" srcset=\"https:\/\/motors.cl\/corporativo\/wp-content\/uploads\/2023\/03\/costo-0.jpg 886w, https:\/\/motors.cl\/corporativo\/wp-content\/uploads\/2023\/03\/costo-0-300x39.jpg 300w, https:\/\/motors.cl\/corporativo\/wp-content\/uploads\/2023\/03\/costo-0-768x101.jpg 768w, https:\/\/motors.cl\/corporativo\/wp-content\/uploads\/2023\/03\/costo-0-700x92.jpg 700w\" sizes=\"(max-width: 886px) 100vw, 886px\" \/><\/p>\n<table>\n<tbody>\n<tr>\n<td width=\"50%\"><img decoding=\"async\" loading=\"lazy\" class=\"wp-image-2628 alignleft\" src=\"https:\/\/motors.cl\/corporativo\/wp-content\/uploads\/2023\/03\/tre-delantero.png\" alt=\"\" width=\"278\" height=\"183\" srcset=\"https:\/\/motors.cl\/corporativo\/wp-content\/uploads\/2023\/03\/tre-delantero.png 570w, https:\/\/motors.cl\/corporativo\/wp-content\/uploads\/2023\/03\/tre-delantero-300x197.png 300w\" sizes=\"(max-width: 278px) 100vw, 278px\" \/><\/p>\n<p><strong>\u00bfQu\u00e9 es el tren delantero?<\/strong><\/p>\n<p>El \u201cTren Delantero \u201c es un conjunto de autopartes que se encuentras en la parte delantera de un veh\u00edculo y este est\u00e1 compuesto por los sistemas claves para la seguridad en la conducci\u00f3n:<br \/>\nSistema de Frenos, Sistema de Direcci\u00f3n, Sistema de suspensi\u00f3n y Sistema de tracci\u00f3n<\/td>\n<\/tr>\n<\/tbody>\n<\/table>\n<p style=\"text-align: center;\"><img decoding=\"async\" loading=\"lazy\" class=\"alignnone size-full wp-image-2630\" src=\"https:\/\/motors.cl\/corporativo\/wp-content\/uploads\/2023\/03\/banner.jpg\" alt=\"\" width=\"886\" height=\"116\" srcset=\"https:\/\/motors.cl\/corporativo\/wp-content\/uploads\/2023\/03\/banner.jpg 886w, https:\/\/motors.cl\/corporativo\/wp-content\/uploads\/2023\/03\/banner-300x39.jpg 300w, https:\/\/motors.cl\/corporativo\/wp-content\/uploads\/2023\/03\/banner-768x101.jpg 768w, https:\/\/motors.cl\/corporativo\/wp-content\/uploads\/2023\/03\/banner-700x92.jpg 700w\" sizes=\"(max-width: 886px) 100vw, 886px\" \/><\/p>\n<p>El tren delantero est\u00e1 compuesto por una serie de autopartes, toda las cuales cumplen una funci\u00f3n fundamental en la seguridad de la conducci\u00f3n<\/p>\n<p><b>Partes del Tren delantero:<\/b><\/p>\n<ul>\n<li>Amortiguadores<\/li>\n<li>Cazoletas<span class=\"Apple-converted-space\">\u00a0<\/span><\/li>\n<li>Bieletas<span class=\"Apple-converted-space\">\u00a0<\/span><\/li>\n<li>Bandejas y bujes<\/li>\n<li>Axiales y Terminales<\/li>\n<li>Rotulas<\/li>\n<li>Cremallera de direcci\u00f3n<\/li>\n<li>Homocin\u00e9ticas, fuelles y ejes<\/li>\n<li>Columna de direcci\u00f3n<\/li>\n<li>Rodamientos de masa<\/li>\n<li>Entre otros elementos<\/li>\n<\/ul>\n<p>&nbsp;<\/p>\n<table>\n<tbody>\n<tr>\n<td style=\"background-color: #dcdcdc;\" width=\"50%\"><img decoding=\"async\" loading=\"lazy\" class=\"alignleft wp-image-2550 size-full\" src=\"https:\/\/motors.cl\/corporativo\/wp-content\/uploads\/2021\/11\/tips.jpg\" alt=\"\" width=\"186\" height=\"185\" \/><\/p>\n<p><b>\u00bf CUANDO REVISAR EL TREN DELANTERO ?<\/b><\/p>\n<p>Es fundamental revisar el tren delantero en cada servicio que se le entrega al veh\u00edculo, o bien cuando surge cualquier ruido anormal o bien nota cambios en el comportamiento de su auto.<\/p>\n<p>Reiteramos la importancia de mantener en optimo estado el tren delantero de tu vehiculo ya que es fundamental para tu seguridad.<span class=\"Apple-converted-space\">\u00a0<\/span><\/td>\n<\/tr>\n<\/tbody>\n<\/table>\n<p>&nbsp;<\/p>\n<hr \/>\n<a  itemprop=\"url\" href=\"https:\/\/motors.cl\/corporativo\/contacto\/\" target=\"_self\"  class=\"qbutton  medium default\" style=\"\">Cont\u00e1ctenos<\/a>\n","protected":false},"excerpt":{"rendered":"<p>\u00bfProblemas con el tren delantero?\u00a0 No te preocupes, En Authi\u00e8vre somos expertos en diagnosticar y reparar el tren delantero de&#8230;<\/p>\n","protected":false},"author":6,"featured_media":2940,"comment_status":"open","ping_status":"open","sticky":false,"template":"","format":"standard","meta":{"_exactmetrics_skip_tracking":false,"_exactmetrics_sitenote_active":false,"_exactmetrics_sitenote_note":"","_exactmetrics_sitenote_category":0},"categories":[20,18,17,19,28],"tags":[],"yoast_head":"<!-- This site is optimized with the Yoast SEO plugin v21.0 - https:\/\/yoast.com\/wordpress\/plugins\/seo\/ -->\n<title>Tren delantero - Authievre Motors<\/title>\n<meta name=\"robots\" content=\"index, follow, max-snippet:-1, max-image-preview:large, max-video-preview:-1\" \/>\n<link rel=\"canonical\" href=\"https:\/\/motors.cl\/corporativo\/tren-delantero\/\" \/>\n<meta property=\"og:locale\" content=\"es_ES\" \/>\n<meta property=\"og:type\" content=\"article\" \/>\n<meta property=\"og:title\" content=\"Tren delantero - Authievre Motors\" \/>\n<meta property=\"og:description\" content=\"\u00bfProblemas con el tren delantero?\u00a0 No te preocupes, En Authi\u00e8vre somos expertos en diagnosticar y reparar el tren delantero de...\" \/>\n<meta property=\"og:url\" content=\"https:\/\/motors.cl\/corporativo\/tren-delantero\/\" \/>\n<meta property=\"og:site_name\" content=\"Authievre Motors\" \/>\n<meta property=\"article:published_time\" content=\"2023-03-30T20:20:53+00:00\" \/>\n<meta property=\"article:modified_time\" content=\"2025-05-26T15:29:37+00:00\" \/>\n<meta property=\"og:image\" content=\"https:\/\/motors.cl\/corporativo\/wp-content\/uploads\/2023\/03\/tren-delantero-1.jpg\" \/>\n\t<meta property=\"og:image:width\" content=\"67\" \/>\n\t<meta property=\"og:image:height\" content=\"73\" \/>\n\t<meta property=\"og:image:type\" content=\"image\/jpeg\" \/>\n<meta name=\"author\" content=\"Mary Parentini\" \/>\n<meta name=\"twitter:card\" content=\"summary_large_image\" \/>\n<meta name=\"twitter:label1\" content=\"Escrito por\" \/>\n\t<meta name=\"twitter:data1\" content=\"Mary Parentini\" \/>\n\t<meta name=\"twitter:label2\" content=\"Tiempo de lectura\" \/>\n\t<meta name=\"twitter:data2\" content=\"3 minutos\" \/>\n<script type=\"application\/ld+json\" class=\"yoast-schema-graph\">{\"@context\":\"https:\/\/schema.org\",\"@graph\":[{\"@type\":\"Article\",\"@id\":\"https:\/\/motors.cl\/corporativo\/tren-delantero\/#article\",\"isPartOf\":{\"@id\":\"https:\/\/motors.cl\/corporativo\/tren-delantero\/\"},\"author\":{\"name\":\"Mary Parentini\",\"@id\":\"https:\/\/motors.cl\/corporativo\/#\/schema\/person\/18ee75a0789743096e118a9da4bc0de1\"},\"headline\":\"Tren delantero\",\"datePublished\":\"2023-03-30T20:20:53+00:00\",\"dateModified\":\"2025-05-26T15:29:37+00:00\",\"mainEntityOfPage\":{\"@id\":\"https:\/\/motors.cl\/corporativo\/tren-delantero\/\"},\"wordCount\":268,\"commentCount\":0,\"publisher\":{\"@id\":\"https:\/\/motors.cl\/corporativo\/#organization\"},\"articleSection\":[\"Las Condes (Estoril)\",\"Movicenter\",\"Providencia\",\"Santiago Centro Serviteca\",\"SERVICIOS AUTOMOTRICES\"],\"inLanguage\":\"es\",\"potentialAction\":[{\"@type\":\"CommentAction\",\"name\":\"Comment\",\"target\":[\"https:\/\/motors.cl\/corporativo\/tren-delantero\/#respond\"]}]},{\"@type\":\"WebPage\",\"@id\":\"https:\/\/motors.cl\/corporativo\/tren-delantero\/\",\"url\":\"https:\/\/motors.cl\/corporativo\/tren-delantero\/\",\"name\":\"Tren delantero - Authievre Motors\",\"isPartOf\":{\"@id\":\"https:\/\/motors.cl\/corporativo\/#website\"},\"datePublished\":\"2023-03-30T20:20:53+00:00\",\"dateModified\":\"2025-05-26T15:29:37+00:00\",\"breadcrumb\":{\"@id\":\"https:\/\/motors.cl\/corporativo\/tren-delantero\/#breadcrumb\"},\"inLanguage\":\"es\",\"potentialAction\":[{\"@type\":\"ReadAction\",\"target\":[\"https:\/\/motors.cl\/corporativo\/tren-delantero\/\"]}]},{\"@type\":\"BreadcrumbList\",\"@id\":\"https:\/\/motors.cl\/corporativo\/tren-delantero\/#breadcrumb\",\"itemListElement\":[{\"@type\":\"ListItem\",\"position\":1,\"name\":\"Portada\",\"item\":\"https:\/\/motors.cl\/corporativo\/\"},{\"@type\":\"ListItem\",\"position\":2,\"name\":\"Tren delantero\"}]},{\"@type\":\"WebSite\",\"@id\":\"https:\/\/motors.cl\/corporativo\/#website\",\"url\":\"https:\/\/motors.cl\/corporativo\/\",\"name\":\"Authievre Motors\",\"description\":\"Mec\u00e1nica Diesel, Servicios Automotriz y Neum\u00e1ticos\",\"publisher\":{\"@id\":\"https:\/\/motors.cl\/corporativo\/#organization\"},\"potentialAction\":[{\"@type\":\"SearchAction\",\"target\":{\"@type\":\"EntryPoint\",\"urlTemplate\":\"https:\/\/motors.cl\/corporativo\/?s={search_term_string}\"},\"query-input\":\"required name=search_term_string\"}],\"inLanguage\":\"es\"},{\"@type\":\"Organization\",\"@id\":\"https:\/\/motors.cl\/corporativo\/#organization\",\"name\":\"Authievre Motors\",\"url\":\"https:\/\/motors.cl\/corporativo\/\",\"logo\":{\"@type\":\"ImageObject\",\"inLanguage\":\"es\",\"@id\":\"https:\/\/motors.cl\/corporativo\/#\/schema\/logo\/image\/\",\"url\":\"https:\/\/motors.cl\/corporativo\/wp-content\/uploads\/2021\/02\/logo-motors.png\",\"contentUrl\":\"https:\/\/motors.cl\/corporativo\/wp-content\/uploads\/2021\/02\/logo-motors.png\",\"width\":139,\"height\":69,\"caption\":\"Authievre Motors\"},\"image\":{\"@id\":\"https:\/\/motors.cl\/corporativo\/#\/schema\/logo\/image\/\"}},{\"@type\":\"Person\",\"@id\":\"https:\/\/motors.cl\/corporativo\/#\/schema\/person\/18ee75a0789743096e118a9da4bc0de1\",\"name\":\"Mary Parentini\",\"image\":{\"@type\":\"ImageObject\",\"inLanguage\":\"es\",\"@id\":\"https:\/\/motors.cl\/corporativo\/#\/schema\/person\/image\/\",\"url\":\"https:\/\/secure.gravatar.com\/avatar\/27e4d9dee4b341193acd411101274024?s=96&d=mm&r=g\",\"contentUrl\":\"https:\/\/secure.gravatar.com\/avatar\/27e4d9dee4b341193acd411101274024?s=96&d=mm&r=g\",\"caption\":\"Mary Parentini\"},\"url\":\"https:\/\/motors.cl\/corporativo\/author\/mary-parentini\/\"}]}<\/script>\n<!-- \/ Yoast SEO plugin. -->","yoast_head_json":{"title":"Tren delantero - Authievre Motors","robots":{"index":"index","follow":"follow","max-snippet":"max-snippet:-1","max-image-preview":"max-image-preview:large","max-video-preview":"max-video-preview:-1"},"canonical":"https:\/\/motors.cl\/corporativo\/tren-delantero\/","og_locale":"es_ES","og_type":"article","og_title":"Tren delantero - Authievre Motors","og_description":"\u00bfProblemas con el tren delantero?\u00a0 No te preocupes, En Authi\u00e8vre somos expertos en diagnosticar y reparar el tren delantero de...","og_url":"https:\/\/motors.cl\/corporativo\/tren-delantero\/","og_site_name":"Authievre Motors","article_published_time":"2023-03-30T20:20:53+00:00","article_modified_time":"2025-05-26T15:29:37+00:00","og_image":[{"width":67,"height":73,"url":"https:\/\/motors.cl\/corporativo\/wp-content\/uploads\/2023\/03\/tren-delantero-1.jpg","type":"image\/jpeg"}],"author":"Mary Parentini","twitter_card":"summary_large_image","twitter_misc":{"Escrito por":"Mary Parentini","Tiempo de lectura":"3 minutos"},"schema":{"@context":"https:\/\/schema.org","@graph":[{"@type":"Article","@id":"https:\/\/motors.cl\/corporativo\/tren-delantero\/#article","isPartOf":{"@id":"https:\/\/motors.cl\/corporativo\/tren-delantero\/"},"author":{"name":"Mary Parentini","@id":"https:\/\/motors.cl\/corporativo\/#\/schema\/person\/18ee75a0789743096e118a9da4bc0de1"},"headline":"Tren delantero","datePublished":"2023-03-30T20:20:53+00:00","dateModified":"2025-05-26T15:29:37+00:00","mainEntityOfPage":{"@id":"https:\/\/motors.cl\/corporativo\/tren-delantero\/"},"wordCount":268,"commentCount":0,"publisher":{"@id":"https:\/\/motors.cl\/corporativo\/#organization"},"articleSection":["Las Condes (Estoril)","Movicenter","Providencia","Santiago Centro Serviteca","SERVICIOS AUTOMOTRICES"],"inLanguage":"es","potentialAction":[{"@type":"CommentAction","name":"Comment","target":["https:\/\/motors.cl\/corporativo\/tren-delantero\/#respond"]}]},{"@type":"WebPage","@id":"https:\/\/motors.cl\/corporativo\/tren-delantero\/","url":"https:\/\/motors.cl\/corporativo\/tren-delantero\/","name":"Tren delantero - Authievre Motors","isPartOf":{"@id":"https:\/\/motors.cl\/corporativo\/#website"},"datePublished":"2023-03-30T20:20:53+00:00","dateModified":"2025-05-26T15:29:37+00:00","breadcrumb":{"@id":"https:\/\/motors.cl\/corporativo\/tren-delantero\/#breadcrumb"},"inLanguage":"es","potentialAction":[{"@type":"ReadAction","target":["https:\/\/motors.cl\/corporativo\/tren-delantero\/"]}]},{"@type":"BreadcrumbList","@id":"https:\/\/motors.cl\/corporativo\/tren-delantero\/#breadcrumb","itemListElement":[{"@type":"ListItem","position":1,"name":"Portada","item":"https:\/\/motors.cl\/corporativo\/"},{"@type":"ListItem","position":2,"name":"Tren delantero"}]},{"@type":"WebSite","@id":"https:\/\/motors.cl\/corporativo\/#website","url":"https:\/\/motors.cl\/corporativo\/","name":"Authievre Motors","description":"Mec\u00e1nica Diesel, Servicios Automotriz y Neum\u00e1ticos","publisher":{"@id":"https:\/\/motors.cl\/corporativo\/#organization"},"potentialAction":[{"@type":"SearchAction","target":{"@type":"EntryPoint","urlTemplate":"https:\/\/motors.cl\/corporativo\/?s={search_term_string}"},"query-input":"required name=search_term_string"}],"inLanguage":"es"},{"@type":"Organization","@id":"https:\/\/motors.cl\/corporativo\/#organization","name":"Authievre Motors","url":"https:\/\/motors.cl\/corporativo\/","logo":{"@type":"ImageObject","inLanguage":"es","@id":"https:\/\/motors.cl\/corporativo\/#\/schema\/logo\/image\/","url":"https:\/\/motors.cl\/corporativo\/wp-content\/uploads\/2021\/02\/logo-motors.png","contentUrl":"https:\/\/motors.cl\/corporativo\/wp-content\/uploads\/2021\/02\/logo-motors.png","width":139,"height":69,"caption":"Authievre Motors"},"image":{"@id":"https:\/\/motors.cl\/corporativo\/#\/schema\/logo\/image\/"}},{"@type":"Person","@id":"https:\/\/motors.cl\/corporativo\/#\/schema\/person\/18ee75a0789743096e118a9da4bc0de1","name":"Mary Parentini","image":{"@type":"ImageObject","inLanguage":"es","@id":"https:\/\/motors.cl\/corporativo\/#\/schema\/person\/image\/","url":"https:\/\/secure.gravatar.com\/avatar\/27e4d9dee4b341193acd411101274024?s=96&d=mm&r=g","contentUrl":"https:\/\/secure.gravatar.com\/avatar\/27e4d9dee4b341193acd411101274024?s=96&d=mm&r=g","caption":"Mary Parentini"},"url":"https:\/\/motors.cl\/corporativo\/author\/mary-parentini\/"}]}},"_links":{"self":[{"href":"https:\/\/motors.cl\/corporativo\/wp-json\/wp\/v2\/posts\/2622"}],"collection":[{"href":"https:\/\/motors.cl\/corporativo\/wp-json\/wp\/v2\/posts"}],"about":[{"href":"https:\/\/motors.cl\/corporativo\/wp-json\/wp\/v2\/types\/post"}],"author":[{"embeddable":true,"href":"https:\/\/motors.cl\/corporativo\/wp-json\/wp\/v2\/users\/6"}],"replies":[{"embeddable":true,"href":"https:\/\/motors.cl\/corporativo\/wp-json\/wp\/v2\/comments?post=2622"}],"version-history":[{"count":19,"href":"https:\/\/motors.cl\/corporativo\/wp-json\/wp\/v2\/posts\/2622\/revisions"}],"predecessor-version":[{"id":3096,"href":"https:\/\/motors.cl\/corporativo\/wp-json\/wp\/v2\/posts\/2622\/revisions\/3096"}],"wp:featuredmedia":[{"embeddable":true,"href":"https:\/\/motors.cl\/corporativo\/wp-json\/wp\/v2\/media\/2940"}],"wp:attachment":[{"href":"https:\/\/motors.cl\/corporativo\/wp-json\/wp\/v2\/media?parent=2622"}],"wp:term":[{"taxonomy":"category","embeddable":true,"href":"https:\/\/motors.cl\/corporativo\/wp-json\/wp\/v2\/categories?post=2622"},{"taxonomy":"post_tag","embeddable":true,"href":"https:\/\/motors.cl\/corporativo\/wp-json\/wp\/v2\/tags?post=2622"}],"curies":[{"name":"wp","href":"https:\/\/api.w.org\/{rel}","templated":true}]}}