{"id":1323,"date":"2021-11-14T18:30:06","date_gmt":"2021-11-14T21:30:06","guid":{"rendered":"https:\/\/motors.cl\/corporativo\/?p=1323"},"modified":"2024-05-14T19:18:14","modified_gmt":"2024-05-14T22:18:14","slug":"atencion-empresas","status":"publish","type":"post","link":"https:\/\/motors.cl\/corporativo\/atencion-empresas\/","title":{"rendered":"Atenci\u00f3n Empresas"},"content":{"rendered":"<p><a class=\"unsubscribe\" href=\"tel:+56222226544\"><img decoding=\"async\" loading=\"lazy\" class=\"aligncenter wp-image-2750 size-full\" src=\"https:\/\/motors.cl\/corporativo\/wp-content\/uploads\/2021\/11\/llamanos.jpg\" alt=\"\" width=\"770\" height=\"129\" srcset=\"https:\/\/motors.cl\/corporativo\/wp-content\/uploads\/2021\/11\/llamanos.jpg 770w, https:\/\/motors.cl\/corporativo\/wp-content\/uploads\/2021\/11\/llamanos-300x50.jpg 300w, https:\/\/motors.cl\/corporativo\/wp-content\/uploads\/2021\/11\/llamanos-768x129.jpg 768w, https:\/\/motors.cl\/corporativo\/wp-content\/uploads\/2021\/11\/llamanos-700x117.jpg 700w\" sizes=\"(max-width: 770px) 100vw, 770px\" \/><br \/>\n<\/a><\/p>\n<p>En Authi\u00e8vre Motors hemos desarrollado un servicio especial para tu Empresa. Pensando en las necesidades que tienen los veh\u00edculos comerciales, ponemos el foco en los tiempos de mantenimiento y costos asociados.<\/p>\n<p>Este Servicio est\u00e1 orientado en Furgones, Camionetas, Camionetas de faena, Camiones Urbanos, Mini Buses y Autom\u00f3viles. Contamos con apertura de cuenta corriente y atenci\u00f3n personalizada para facilitar sus servicios.<\/p>\n<p>Vis\u00edtanos en nuestras modernas instalaciones ubicadas en el coraz\u00f3n empresarial de la regi\u00f3n Metropolitana en Movicenter (Huechuraba), adem\u00e1s de una sucursal en Providencia y nuestra Casa Matriz en Santiago Centro.<\/p>\n<hr \/>\n<p><!--[button size=\"medium\" target=\"_self\" hover_type=\"default\" text=\"Cont\u00e1ctenos\" link=\"https:\/\/motors.cl\/corporativo\/contacto\/\"]--><\/p>\n<p><script>!function(a,m,o,c,r,m){a[o+c]=a[o+c]||{setMeta:function(p){this.params=(this.params||[]).concat([p])}},a[o+r]=a[o+r]||function(f){a[o+r].f=(a[o+r].f||[]).concat([f])},a[o+r]({id:\"1100803\",hash:\"795061c90b999287d4b3f9d0882a2f91\",locale:\"es\"}),a[o+m]=a[o+m]||function(f,k){a[o+m].f=(a[o+m].f||[]).concat([[f,k]])}}(window,0,\"amo_forms_\",\"params\",\"load\",\"loaded\");<\/script><script id=\"amoforms_script_1100803\" async=\"async\" charset=\"utf-8\" src=\"https:\/\/forms.kommo.com\/forms\/assets\/js\/amoforms.js?1686086658\"><\/script><\/p>\n","protected":false},"excerpt":{"rendered":"<p>En Authi\u00e8vre Motors hemos desarrollado un servicio especial para tu Empresa. Pensando en las necesidades que tienen los veh\u00edculos comerciales,&#8230;<\/p>\n","protected":false},"author":1,"featured_media":1669,"comment_status":"open","ping_status":"open","sticky":false,"template":"","format":"standard","meta":{"_exactmetrics_skip_tracking":false,"_exactmetrics_sitenote_active":false,"_exactmetrics_sitenote_note":"","_exactmetrics_sitenote_category":0},"categories":[21,20,18,17],"tags":[],"yoast_head":"<!-- This site is optimized with the Yoast SEO plugin v21.0 - https:\/\/yoast.com\/wordpress\/plugins\/seo\/ -->\n<title>Atenci\u00f3n Empresas - Authievre Motors<\/title>\n<meta name=\"robots\" content=\"index, follow, max-snippet:-1, max-image-preview:large, max-video-preview:-1\" \/>\n<link rel=\"canonical\" href=\"https:\/\/motors.cl\/corporativo\/atencion-empresas\/\" \/>\n<meta property=\"og:locale\" content=\"es_ES\" \/>\n<meta property=\"og:type\" content=\"article\" \/>\n<meta property=\"og:title\" content=\"Atenci\u00f3n Empresas - Authievre Motors\" \/>\n<meta property=\"og:description\" content=\"En Authi\u00e8vre Motors hemos desarrollado un servicio especial para tu Empresa. Pensando en las necesidades que tienen los veh\u00edculos comerciales,...\" \/>\n<meta property=\"og:url\" content=\"https:\/\/motors.cl\/corporativo\/atencion-empresas\/\" \/>\n<meta property=\"og:site_name\" content=\"Authievre Motors\" \/>\n<meta property=\"article:published_time\" content=\"2021-11-14T21:30:06+00:00\" \/>\n<meta property=\"article:modified_time\" content=\"2024-05-14T22:18:14+00:00\" \/>\n<meta property=\"og:image\" content=\"https:\/\/motors.cl\/corporativo\/wp-content\/uploads\/2021\/12\/scaner-pdi-camiones-3.jpg\" \/>\n\t<meta property=\"og:image:width\" content=\"770\" \/>\n\t<meta property=\"og:image:height\" content=\"510\" \/>\n\t<meta property=\"og:image:type\" content=\"image\/jpeg\" \/>\n<meta name=\"author\" content=\"nuestroadmin\" \/>\n<meta name=\"twitter:card\" content=\"summary_large_image\" \/>\n<meta name=\"twitter:label1\" content=\"Escrito por\" \/>\n\t<meta name=\"twitter:data1\" content=\"nuestroadmin\" \/>\n<script type=\"application\/ld+json\" class=\"yoast-schema-graph\">{\"@context\":\"https:\/\/schema.org\",\"@graph\":[{\"@type\":\"Article\",\"@id\":\"https:\/\/motors.cl\/corporativo\/atencion-empresas\/#article\",\"isPartOf\":{\"@id\":\"https:\/\/motors.cl\/corporativo\/atencion-empresas\/\"},\"author\":{\"name\":\"nuestroadmin\",\"@id\":\"https:\/\/motors.cl\/corporativo\/#\/schema\/person\/322fec2183d10b5d8c8428c1bfb5c3ff\"},\"headline\":\"Atenci\u00f3n Empresas\",\"datePublished\":\"2021-11-14T21:30:06+00:00\",\"dateModified\":\"2024-05-14T22:18:14+00:00\",\"mainEntityOfPage\":{\"@id\":\"https:\/\/motors.cl\/corporativo\/atencion-empresas\/\"},\"wordCount\":101,\"commentCount\":0,\"publisher\":{\"@id\":\"https:\/\/motors.cl\/corporativo\/#organization\"},\"articleSection\":[\"Casa Matriz\",\"Las Condes (Estoril)\",\"Movicenter\",\"Providencia\"],\"inLanguage\":\"es\",\"potentialAction\":[{\"@type\":\"CommentAction\",\"name\":\"Comment\",\"target\":[\"https:\/\/motors.cl\/corporativo\/atencion-empresas\/#respond\"]}]},{\"@type\":\"WebPage\",\"@id\":\"https:\/\/motors.cl\/corporativo\/atencion-empresas\/\",\"url\":\"https:\/\/motors.cl\/corporativo\/atencion-empresas\/\",\"name\":\"Atenci\u00f3n Empresas - Authievre Motors\",\"isPartOf\":{\"@id\":\"https:\/\/motors.cl\/corporativo\/#website\"},\"datePublished\":\"2021-11-14T21:30:06+00:00\",\"dateModified\":\"2024-05-14T22:18:14+00:00\",\"breadcrumb\":{\"@id\":\"https:\/\/motors.cl\/corporativo\/atencion-empresas\/#breadcrumb\"},\"inLanguage\":\"es\",\"potentialAction\":[{\"@type\":\"ReadAction\",\"target\":[\"https:\/\/motors.cl\/corporativo\/atencion-empresas\/\"]}]},{\"@type\":\"BreadcrumbList\",\"@id\":\"https:\/\/motors.cl\/corporativo\/atencion-empresas\/#breadcrumb\",\"itemListElement\":[{\"@type\":\"ListItem\",\"position\":1,\"name\":\"Portada\",\"item\":\"https:\/\/motors.cl\/corporativo\/\"},{\"@type\":\"ListItem\",\"position\":2,\"name\":\"Atenci\u00f3n Empresas\"}]},{\"@type\":\"WebSite\",\"@id\":\"https:\/\/motors.cl\/corporativo\/#website\",\"url\":\"https:\/\/motors.cl\/corporativo\/\",\"name\":\"Authievre Motors\",\"description\":\"Mec\u00e1nica Diesel, Servicios Automotriz y Neum\u00e1ticos\",\"publisher\":{\"@id\":\"https:\/\/motors.cl\/corporativo\/#organization\"},\"potentialAction\":[{\"@type\":\"SearchAction\",\"target\":{\"@type\":\"EntryPoint\",\"urlTemplate\":\"https:\/\/motors.cl\/corporativo\/?s={search_term_string}\"},\"query-input\":\"required name=search_term_string\"}],\"inLanguage\":\"es\"},{\"@type\":\"Organization\",\"@id\":\"https:\/\/motors.cl\/corporativo\/#organization\",\"name\":\"Authievre Motors\",\"url\":\"https:\/\/motors.cl\/corporativo\/\",\"logo\":{\"@type\":\"ImageObject\",\"inLanguage\":\"es\",\"@id\":\"https:\/\/motors.cl\/corporativo\/#\/schema\/logo\/image\/\",\"url\":\"https:\/\/motors.cl\/corporativo\/wp-content\/uploads\/2021\/02\/logo-motors.png\",\"contentUrl\":\"https:\/\/motors.cl\/corporativo\/wp-content\/uploads\/2021\/02\/logo-motors.png\",\"width\":139,\"height\":69,\"caption\":\"Authievre Motors\"},\"image\":{\"@id\":\"https:\/\/motors.cl\/corporativo\/#\/schema\/logo\/image\/\"}},{\"@type\":\"Person\",\"@id\":\"https:\/\/motors.cl\/corporativo\/#\/schema\/person\/322fec2183d10b5d8c8428c1bfb5c3ff\",\"name\":\"nuestroadmin\",\"image\":{\"@type\":\"ImageObject\",\"inLanguage\":\"es\",\"@id\":\"https:\/\/motors.cl\/corporativo\/#\/schema\/person\/image\/\",\"url\":\"https:\/\/secure.gravatar.com\/avatar\/faa86faec0cf738206d9edce3e90bac4?s=96&d=mm&r=g\",\"contentUrl\":\"https:\/\/secure.gravatar.com\/avatar\/faa86faec0cf738206d9edce3e90bac4?s=96&d=mm&r=g\",\"caption\":\"nuestroadmin\"},\"sameAs\":[\"http:\/\/motors.cl\/2021\"],\"url\":\"https:\/\/motors.cl\/corporativo\/author\/nuestroadmin\/\"}]}<\/script>\n<!-- \/ Yoast SEO plugin. -->","yoast_head_json":{"title":"Atenci\u00f3n Empresas - Authievre Motors","robots":{"index":"index","follow":"follow","max-snippet":"max-snippet:-1","max-image-preview":"max-image-preview:large","max-video-preview":"max-video-preview:-1"},"canonical":"https:\/\/motors.cl\/corporativo\/atencion-empresas\/","og_locale":"es_ES","og_type":"article","og_title":"Atenci\u00f3n Empresas - Authievre Motors","og_description":"En Authi\u00e8vre Motors hemos desarrollado un servicio especial para tu Empresa. Pensando en las necesidades que tienen los veh\u00edculos comerciales,...","og_url":"https:\/\/motors.cl\/corporativo\/atencion-empresas\/","og_site_name":"Authievre Motors","article_published_time":"2021-11-14T21:30:06+00:00","article_modified_time":"2024-05-14T22:18:14+00:00","og_image":[{"width":770,"height":510,"url":"https:\/\/motors.cl\/corporativo\/wp-content\/uploads\/2021\/12\/scaner-pdi-camiones-3.jpg","type":"image\/jpeg"}],"author":"nuestroadmin","twitter_card":"summary_large_image","twitter_misc":{"Escrito por":"nuestroadmin"},"schema":{"@context":"https:\/\/schema.org","@graph":[{"@type":"Article","@id":"https:\/\/motors.cl\/corporativo\/atencion-empresas\/#article","isPartOf":{"@id":"https:\/\/motors.cl\/corporativo\/atencion-empresas\/"},"author":{"name":"nuestroadmin","@id":"https:\/\/motors.cl\/corporativo\/#\/schema\/person\/322fec2183d10b5d8c8428c1bfb5c3ff"},"headline":"Atenci\u00f3n Empresas","datePublished":"2021-11-14T21:30:06+00:00","dateModified":"2024-05-14T22:18:14+00:00","mainEntityOfPage":{"@id":"https:\/\/motors.cl\/corporativo\/atencion-empresas\/"},"wordCount":101,"commentCount":0,"publisher":{"@id":"https:\/\/motors.cl\/corporativo\/#organization"},"articleSection":["Casa Matriz","Las Condes (Estoril)","Movicenter","Providencia"],"inLanguage":"es","potentialAction":[{"@type":"CommentAction","name":"Comment","target":["https:\/\/motors.cl\/corporativo\/atencion-empresas\/#respond"]}]},{"@type":"WebPage","@id":"https:\/\/motors.cl\/corporativo\/atencion-empresas\/","url":"https:\/\/motors.cl\/corporativo\/atencion-empresas\/","name":"Atenci\u00f3n Empresas - Authievre Motors","isPartOf":{"@id":"https:\/\/motors.cl\/corporativo\/#website"},"datePublished":"2021-11-14T21:30:06+00:00","dateModified":"2024-05-14T22:18:14+00:00","breadcrumb":{"@id":"https:\/\/motors.cl\/corporativo\/atencion-empresas\/#breadcrumb"},"inLanguage":"es","potentialAction":[{"@type":"ReadAction","target":["https:\/\/motors.cl\/corporativo\/atencion-empresas\/"]}]},{"@type":"BreadcrumbList","@id":"https:\/\/motors.cl\/corporativo\/atencion-empresas\/#breadcrumb","itemListElement":[{"@type":"ListItem","position":1,"name":"Portada","item":"https:\/\/motors.cl\/corporativo\/"},{"@type":"ListItem","position":2,"name":"Atenci\u00f3n Empresas"}]},{"@type":"WebSite","@id":"https:\/\/motors.cl\/corporativo\/#website","url":"https:\/\/motors.cl\/corporativo\/","name":"Authievre Motors","description":"Mec\u00e1nica Diesel, Servicios Automotriz y Neum\u00e1ticos","publisher":{"@id":"https:\/\/motors.cl\/corporativo\/#organization"},"potentialAction":[{"@type":"SearchAction","target":{"@type":"EntryPoint","urlTemplate":"https:\/\/motors.cl\/corporativo\/?s={search_term_string}"},"query-input":"required name=search_term_string"}],"inLanguage":"es"},{"@type":"Organization","@id":"https:\/\/motors.cl\/corporativo\/#organization","name":"Authievre Motors","url":"https:\/\/motors.cl\/corporativo\/","logo":{"@type":"ImageObject","inLanguage":"es","@id":"https:\/\/motors.cl\/corporativo\/#\/schema\/logo\/image\/","url":"https:\/\/motors.cl\/corporativo\/wp-content\/uploads\/2021\/02\/logo-motors.png","contentUrl":"https:\/\/motors.cl\/corporativo\/wp-content\/uploads\/2021\/02\/logo-motors.png","width":139,"height":69,"caption":"Authievre Motors"},"image":{"@id":"https:\/\/motors.cl\/corporativo\/#\/schema\/logo\/image\/"}},{"@type":"Person","@id":"https:\/\/motors.cl\/corporativo\/#\/schema\/person\/322fec2183d10b5d8c8428c1bfb5c3ff","name":"nuestroadmin","image":{"@type":"ImageObject","inLanguage":"es","@id":"https:\/\/motors.cl\/corporativo\/#\/schema\/person\/image\/","url":"https:\/\/secure.gravatar.com\/avatar\/faa86faec0cf738206d9edce3e90bac4?s=96&d=mm&r=g","contentUrl":"https:\/\/secure.gravatar.com\/avatar\/faa86faec0cf738206d9edce3e90bac4?s=96&d=mm&r=g","caption":"nuestroadmin"},"sameAs":["http:\/\/motors.cl\/2021"],"url":"https:\/\/motors.cl\/corporativo\/author\/nuestroadmin\/"}]}},"_links":{"self":[{"href":"https:\/\/motors.cl\/corporativo\/wp-json\/wp\/v2\/posts\/1323"}],"collection":[{"href":"https:\/\/motors.cl\/corporativo\/wp-json\/wp\/v2\/posts"}],"about":[{"href":"https:\/\/motors.cl\/corporativo\/wp-json\/wp\/v2\/types\/post"}],"author":[{"embeddable":true,"href":"https:\/\/motors.cl\/corporativo\/wp-json\/wp\/v2\/users\/1"}],"replies":[{"embeddable":true,"href":"https:\/\/motors.cl\/corporativo\/wp-json\/wp\/v2\/comments?post=1323"}],"version-history":[{"count":13,"href":"https:\/\/motors.cl\/corporativo\/wp-json\/wp\/v2\/posts\/1323\/revisions"}],"predecessor-version":[{"id":3003,"href":"https:\/\/motors.cl\/corporativo\/wp-json\/wp\/v2\/posts\/1323\/revisions\/3003"}],"wp:featuredmedia":[{"embeddable":true,"href":"https:\/\/motors.cl\/corporativo\/wp-json\/wp\/v2\/media\/1669"}],"wp:attachment":[{"href":"https:\/\/motors.cl\/corporativo\/wp-json\/wp\/v2\/media?parent=1323"}],"wp:term":[{"taxonomy":"category","embeddable":true,"href":"https:\/\/motors.cl\/corporativo\/wp-json\/wp\/v2\/categories?post=1323"},{"taxonomy":"post_tag","embeddable":true,"href":"https:\/\/motors.cl\/corporativo\/wp-json\/wp\/v2\/tags?post=1323"}],"curies":[{"name":"wp","href":"https:\/\/api.w.org\/{rel}","templated":true}]}}