{"id":1068,"date":"2021-11-07T12:20:19","date_gmt":"2021-11-07T15:20:19","guid":{"rendered":"https:\/\/motors.cl\/corporativo\/?p=1068"},"modified":"2025-05-26T12:29:44","modified_gmt":"2025-05-26T15:29:44","slug":"mantencion-por-kms","status":"publish","type":"post","link":"https:\/\/motors.cl\/corporativo\/mantencion-por-kms\/","title":{"rendered":"Mantenci\u00f3n por Kms"},"content":{"rendered":"<p><a class=\"unsubscribe\" href=\"tel:+56222226544\"><img decoding=\"async\" loading=\"lazy\" class=\"aligncenter wp-image-2750 size-full\" src=\"https:\/\/motors.cl\/corporativo\/wp-content\/uploads\/2021\/11\/llamanos.jpg\" alt=\"\" width=\"770\" height=\"129\" srcset=\"https:\/\/motors.cl\/corporativo\/wp-content\/uploads\/2021\/11\/llamanos.jpg 770w, https:\/\/motors.cl\/corporativo\/wp-content\/uploads\/2021\/11\/llamanos-300x50.jpg 300w, https:\/\/motors.cl\/corporativo\/wp-content\/uploads\/2021\/11\/llamanos-768x129.jpg 768w, https:\/\/motors.cl\/corporativo\/wp-content\/uploads\/2021\/11\/llamanos-700x117.jpg 700w\" sizes=\"(max-width: 770px) 100vw, 770px\" \/><br \/>\n<\/a><\/p>\n<h2>Mantenci\u00f3n por Kilometraje o Afinamiento<\/h2>\n<p><a  itemprop=\"url\" href=\"https:\/\/motors.cl\/landings\/\" target=\"_self\"  class=\"qbutton  medium default\" style=\"\">Revisa nuestras Ofertas por la Marca de tu Veh\u00edculo<\/a><br \/>\nAlarga la vida \u00fatil de tu auto, ahorra tiempo y dinero.<br \/>\nMantenci\u00f3n Preventiva en Authievre Motors:<br \/>\nEn Authi\u00e8vre Motors te ofrecemos una soluci\u00f3n de mantenimiento personalizada seg\u00fan la antig\u00fcedad y el estado de tu autom\u00f3vil, para todas las marcas, que s\u00f3lo tarda entre 4 a 6 horas.<\/p>\n<h2>\u00bfQu\u00e9 hacemos en la mantenci\u00f3n de tu veh\u00edculo?<\/h2>\n<p>&nbsp;<\/p>\n<ul>\n<li style=\"font-weight: 400;\">Cambio de Aceite.<\/li>\n<li style=\"font-weight: 400;\">Cambio de Filtro de Aire.<\/li>\n<li style=\"font-weight: 400;\">Cambio de Filtro de Aceite.<\/li>\n<li style=\"font-weight: 400;\">Escaneo del Sistema.<\/li>\n<li style=\"font-weight: 400;\">Revisi\u00f3n de Carga de Bater\u00eda.<\/li>\n<li style=\"font-weight: 400;\">Revisi\u00f3n del Estado de los Neum\u00e1ticos.<\/li>\n<li style=\"font-weight: 400;\">Revisi\u00f3n de Amortiguadores y Elementos de Suspensi\u00f3n.<\/li>\n<li style=\"font-weight: 400;\">Revisi\u00f3n del Sistema de Frenos.<\/li>\n<li style=\"font-weight: 400;\">Revisi\u00f3n de Luces.<\/li>\n<li style=\"font-weight: 400;\">Revisi\u00f3n de Fluidos de Frenos.<\/li>\n<li style=\"font-weight: 400;\">Revisi\u00f3n de Fluidos de Direcci\u00f3n Hidr\u00e1ulica.<\/li>\n<li style=\"font-weight: 400;\">Revisi\u00f3n de Fluidos de Refrigeraci\u00f3n.<\/li>\n<li style=\"font-weight: 400;\">Revisi\u00f3n del Tren Delantero<\/li>\n<\/ul>\n<p>(*) Pauta de mantenimiento dependiendo del veh\u00edculo<br \/>\n<img decoding=\"async\" loading=\"lazy\" class=\"size-full wp-image-2646 alignleft\" src=\"https:\/\/motors.cl\/corporativo\/wp-content\/uploads\/2023\/03\/tips.png\" alt=\"\" width=\"186\" height=\"209\" \/><\/p>\n<p>Realizar las mantenciones de tu auto seg\u00fan las recomendaciones del fabricante alargar\u00e1 la vida \u00fatil de tu auto, ya que sus piezas principales funcionar\u00e1n correctamente durante m\u00e1s tiempo, evitando que tengas que reemplazarlas tan frecuentemente.<\/p>\n<hr \/>\n<a  itemprop=\"url\" href=\"https:\/\/motors.cl\/corporativo\/contacto\/\" target=\"_self\"  class=\"qbutton  medium default\" style=\"\">Cont\u00e1ctenos<\/a>\n","protected":false},"excerpt":{"rendered":"<p>Mantenci\u00f3n por Kilometraje o Afinamiento Alarga la vida \u00fatil de tu auto, ahorra tiempo y dinero. Mantenci\u00f3n Preventiva en Authievre&#8230;<\/p>\n","protected":false},"author":1,"featured_media":2020,"comment_status":"open","ping_status":"open","sticky":false,"template":"","format":"standard","meta":{"_exactmetrics_skip_tracking":false,"_exactmetrics_sitenote_active":false,"_exactmetrics_sitenote_note":"","_exactmetrics_sitenote_category":0},"categories":[20,18,17,28],"tags":[],"yoast_head":"<!-- This site is optimized with the Yoast SEO plugin v21.0 - https:\/\/yoast.com\/wordpress\/plugins\/seo\/ -->\n<title>Mantenci\u00f3n por Kms - Authievre Motors<\/title>\n<meta name=\"robots\" content=\"index, follow, max-snippet:-1, max-image-preview:large, max-video-preview:-1\" \/>\n<link rel=\"canonical\" href=\"https:\/\/motors.cl\/corporativo\/mantencion-por-kms\/\" \/>\n<meta property=\"og:locale\" content=\"es_ES\" \/>\n<meta property=\"og:type\" content=\"article\" \/>\n<meta property=\"og:title\" content=\"Mantenci\u00f3n por Kms - Authievre Motors\" \/>\n<meta property=\"og:description\" content=\"Mantenci\u00f3n por Kilometraje o Afinamiento Alarga la vida \u00fatil de tu auto, ahorra tiempo y dinero. Mantenci\u00f3n Preventiva en Authievre...\" \/>\n<meta property=\"og:url\" content=\"https:\/\/motors.cl\/corporativo\/mantencion-por-kms\/\" \/>\n<meta property=\"og:site_name\" content=\"Authievre Motors\" \/>\n<meta property=\"article:published_time\" content=\"2021-11-07T15:20:19+00:00\" \/>\n<meta property=\"article:modified_time\" content=\"2025-05-26T15:29:44+00:00\" \/>\n<meta property=\"og:image\" content=\"https:\/\/motors.cl\/corporativo\/wp-content\/uploads\/2022\/11\/klm.png\" \/>\n\t<meta property=\"og:image:width\" content=\"67\" \/>\n\t<meta property=\"og:image:height\" content=\"73\" \/>\n\t<meta property=\"og:image:type\" content=\"image\/png\" \/>\n<meta name=\"author\" content=\"nuestroadmin\" \/>\n<meta name=\"twitter:card\" content=\"summary_large_image\" \/>\n<meta name=\"twitter:label1\" content=\"Escrito por\" \/>\n\t<meta name=\"twitter:data1\" content=\"nuestroadmin\" \/>\n\t<meta name=\"twitter:label2\" content=\"Tiempo de lectura\" \/>\n\t<meta name=\"twitter:data2\" content=\"2 minutos\" \/>\n<script type=\"application\/ld+json\" class=\"yoast-schema-graph\">{\"@context\":\"https:\/\/schema.org\",\"@graph\":[{\"@type\":\"Article\",\"@id\":\"https:\/\/motors.cl\/corporativo\/mantencion-por-kms\/#article\",\"isPartOf\":{\"@id\":\"https:\/\/motors.cl\/corporativo\/mantencion-por-kms\/\"},\"author\":{\"name\":\"nuestroadmin\",\"@id\":\"https:\/\/motors.cl\/corporativo\/#\/schema\/person\/322fec2183d10b5d8c8428c1bfb5c3ff\"},\"headline\":\"Mantenci\u00f3n por Kms\",\"datePublished\":\"2021-11-07T15:20:19+00:00\",\"dateModified\":\"2025-05-26T15:29:44+00:00\",\"mainEntityOfPage\":{\"@id\":\"https:\/\/motors.cl\/corporativo\/mantencion-por-kms\/\"},\"wordCount\":236,\"commentCount\":0,\"publisher\":{\"@id\":\"https:\/\/motors.cl\/corporativo\/#organization\"},\"articleSection\":[\"Las Condes (Estoril)\",\"Movicenter\",\"Providencia\",\"SERVICIOS AUTOMOTRICES\"],\"inLanguage\":\"es\",\"potentialAction\":[{\"@type\":\"CommentAction\",\"name\":\"Comment\",\"target\":[\"https:\/\/motors.cl\/corporativo\/mantencion-por-kms\/#respond\"]}]},{\"@type\":\"WebPage\",\"@id\":\"https:\/\/motors.cl\/corporativo\/mantencion-por-kms\/\",\"url\":\"https:\/\/motors.cl\/corporativo\/mantencion-por-kms\/\",\"name\":\"Mantenci\u00f3n por Kms - Authievre Motors\",\"isPartOf\":{\"@id\":\"https:\/\/motors.cl\/corporativo\/#website\"},\"datePublished\":\"2021-11-07T15:20:19+00:00\",\"dateModified\":\"2025-05-26T15:29:44+00:00\",\"breadcrumb\":{\"@id\":\"https:\/\/motors.cl\/corporativo\/mantencion-por-kms\/#breadcrumb\"},\"inLanguage\":\"es\",\"potentialAction\":[{\"@type\":\"ReadAction\",\"target\":[\"https:\/\/motors.cl\/corporativo\/mantencion-por-kms\/\"]}]},{\"@type\":\"BreadcrumbList\",\"@id\":\"https:\/\/motors.cl\/corporativo\/mantencion-por-kms\/#breadcrumb\",\"itemListElement\":[{\"@type\":\"ListItem\",\"position\":1,\"name\":\"Portada\",\"item\":\"https:\/\/motors.cl\/corporativo\/\"},{\"@type\":\"ListItem\",\"position\":2,\"name\":\"Mantenci\u00f3n por Kms\"}]},{\"@type\":\"WebSite\",\"@id\":\"https:\/\/motors.cl\/corporativo\/#website\",\"url\":\"https:\/\/motors.cl\/corporativo\/\",\"name\":\"Authievre Motors\",\"description\":\"Mec\u00e1nica Diesel, Servicios Automotriz y Neum\u00e1ticos\",\"publisher\":{\"@id\":\"https:\/\/motors.cl\/corporativo\/#organization\"},\"potentialAction\":[{\"@type\":\"SearchAction\",\"target\":{\"@type\":\"EntryPoint\",\"urlTemplate\":\"https:\/\/motors.cl\/corporativo\/?s={search_term_string}\"},\"query-input\":\"required name=search_term_string\"}],\"inLanguage\":\"es\"},{\"@type\":\"Organization\",\"@id\":\"https:\/\/motors.cl\/corporativo\/#organization\",\"name\":\"Authievre Motors\",\"url\":\"https:\/\/motors.cl\/corporativo\/\",\"logo\":{\"@type\":\"ImageObject\",\"inLanguage\":\"es\",\"@id\":\"https:\/\/motors.cl\/corporativo\/#\/schema\/logo\/image\/\",\"url\":\"https:\/\/motors.cl\/corporativo\/wp-content\/uploads\/2021\/02\/logo-motors.png\",\"contentUrl\":\"https:\/\/motors.cl\/corporativo\/wp-content\/uploads\/2021\/02\/logo-motors.png\",\"width\":139,\"height\":69,\"caption\":\"Authievre Motors\"},\"image\":{\"@id\":\"https:\/\/motors.cl\/corporativo\/#\/schema\/logo\/image\/\"}},{\"@type\":\"Person\",\"@id\":\"https:\/\/motors.cl\/corporativo\/#\/schema\/person\/322fec2183d10b5d8c8428c1bfb5c3ff\",\"name\":\"nuestroadmin\",\"image\":{\"@type\":\"ImageObject\",\"inLanguage\":\"es\",\"@id\":\"https:\/\/motors.cl\/corporativo\/#\/schema\/person\/image\/\",\"url\":\"https:\/\/secure.gravatar.com\/avatar\/faa86faec0cf738206d9edce3e90bac4?s=96&d=mm&r=g\",\"contentUrl\":\"https:\/\/secure.gravatar.com\/avatar\/faa86faec0cf738206d9edce3e90bac4?s=96&d=mm&r=g\",\"caption\":\"nuestroadmin\"},\"sameAs\":[\"http:\/\/motors.cl\/2021\"],\"url\":\"https:\/\/motors.cl\/corporativo\/author\/nuestroadmin\/\"}]}<\/script>\n<!-- \/ Yoast SEO plugin. -->","yoast_head_json":{"title":"Mantenci\u00f3n por Kms - Authievre Motors","robots":{"index":"index","follow":"follow","max-snippet":"max-snippet:-1","max-image-preview":"max-image-preview:large","max-video-preview":"max-video-preview:-1"},"canonical":"https:\/\/motors.cl\/corporativo\/mantencion-por-kms\/","og_locale":"es_ES","og_type":"article","og_title":"Mantenci\u00f3n por Kms - Authievre Motors","og_description":"Mantenci\u00f3n por Kilometraje o Afinamiento Alarga la vida \u00fatil de tu auto, ahorra tiempo y dinero. Mantenci\u00f3n Preventiva en Authievre...","og_url":"https:\/\/motors.cl\/corporativo\/mantencion-por-kms\/","og_site_name":"Authievre Motors","article_published_time":"2021-11-07T15:20:19+00:00","article_modified_time":"2025-05-26T15:29:44+00:00","og_image":[{"width":67,"height":73,"url":"https:\/\/motors.cl\/corporativo\/wp-content\/uploads\/2022\/11\/klm.png","type":"image\/png"}],"author":"nuestroadmin","twitter_card":"summary_large_image","twitter_misc":{"Escrito por":"nuestroadmin","Tiempo de lectura":"2 minutos"},"schema":{"@context":"https:\/\/schema.org","@graph":[{"@type":"Article","@id":"https:\/\/motors.cl\/corporativo\/mantencion-por-kms\/#article","isPartOf":{"@id":"https:\/\/motors.cl\/corporativo\/mantencion-por-kms\/"},"author":{"name":"nuestroadmin","@id":"https:\/\/motors.cl\/corporativo\/#\/schema\/person\/322fec2183d10b5d8c8428c1bfb5c3ff"},"headline":"Mantenci\u00f3n por Kms","datePublished":"2021-11-07T15:20:19+00:00","dateModified":"2025-05-26T15:29:44+00:00","mainEntityOfPage":{"@id":"https:\/\/motors.cl\/corporativo\/mantencion-por-kms\/"},"wordCount":236,"commentCount":0,"publisher":{"@id":"https:\/\/motors.cl\/corporativo\/#organization"},"articleSection":["Las Condes (Estoril)","Movicenter","Providencia","SERVICIOS AUTOMOTRICES"],"inLanguage":"es","potentialAction":[{"@type":"CommentAction","name":"Comment","target":["https:\/\/motors.cl\/corporativo\/mantencion-por-kms\/#respond"]}]},{"@type":"WebPage","@id":"https:\/\/motors.cl\/corporativo\/mantencion-por-kms\/","url":"https:\/\/motors.cl\/corporativo\/mantencion-por-kms\/","name":"Mantenci\u00f3n por Kms - Authievre Motors","isPartOf":{"@id":"https:\/\/motors.cl\/corporativo\/#website"},"datePublished":"2021-11-07T15:20:19+00:00","dateModified":"2025-05-26T15:29:44+00:00","breadcrumb":{"@id":"https:\/\/motors.cl\/corporativo\/mantencion-por-kms\/#breadcrumb"},"inLanguage":"es","potentialAction":[{"@type":"ReadAction","target":["https:\/\/motors.cl\/corporativo\/mantencion-por-kms\/"]}]},{"@type":"BreadcrumbList","@id":"https:\/\/motors.cl\/corporativo\/mantencion-por-kms\/#breadcrumb","itemListElement":[{"@type":"ListItem","position":1,"name":"Portada","item":"https:\/\/motors.cl\/corporativo\/"},{"@type":"ListItem","position":2,"name":"Mantenci\u00f3n por Kms"}]},{"@type":"WebSite","@id":"https:\/\/motors.cl\/corporativo\/#website","url":"https:\/\/motors.cl\/corporativo\/","name":"Authievre Motors","description":"Mec\u00e1nica Diesel, Servicios Automotriz y Neum\u00e1ticos","publisher":{"@id":"https:\/\/motors.cl\/corporativo\/#organization"},"potentialAction":[{"@type":"SearchAction","target":{"@type":"EntryPoint","urlTemplate":"https:\/\/motors.cl\/corporativo\/?s={search_term_string}"},"query-input":"required name=search_term_string"}],"inLanguage":"es"},{"@type":"Organization","@id":"https:\/\/motors.cl\/corporativo\/#organization","name":"Authievre Motors","url":"https:\/\/motors.cl\/corporativo\/","logo":{"@type":"ImageObject","inLanguage":"es","@id":"https:\/\/motors.cl\/corporativo\/#\/schema\/logo\/image\/","url":"https:\/\/motors.cl\/corporativo\/wp-content\/uploads\/2021\/02\/logo-motors.png","contentUrl":"https:\/\/motors.cl\/corporativo\/wp-content\/uploads\/2021\/02\/logo-motors.png","width":139,"height":69,"caption":"Authievre Motors"},"image":{"@id":"https:\/\/motors.cl\/corporativo\/#\/schema\/logo\/image\/"}},{"@type":"Person","@id":"https:\/\/motors.cl\/corporativo\/#\/schema\/person\/322fec2183d10b5d8c8428c1bfb5c3ff","name":"nuestroadmin","image":{"@type":"ImageObject","inLanguage":"es","@id":"https:\/\/motors.cl\/corporativo\/#\/schema\/person\/image\/","url":"https:\/\/secure.gravatar.com\/avatar\/faa86faec0cf738206d9edce3e90bac4?s=96&d=mm&r=g","contentUrl":"https:\/\/secure.gravatar.com\/avatar\/faa86faec0cf738206d9edce3e90bac4?s=96&d=mm&r=g","caption":"nuestroadmin"},"sameAs":["http:\/\/motors.cl\/2021"],"url":"https:\/\/motors.cl\/corporativo\/author\/nuestroadmin\/"}]}},"_links":{"self":[{"href":"https:\/\/motors.cl\/corporativo\/wp-json\/wp\/v2\/posts\/1068"}],"collection":[{"href":"https:\/\/motors.cl\/corporativo\/wp-json\/wp\/v2\/posts"}],"about":[{"href":"https:\/\/motors.cl\/corporativo\/wp-json\/wp\/v2\/types\/post"}],"author":[{"embeddable":true,"href":"https:\/\/motors.cl\/corporativo\/wp-json\/wp\/v2\/users\/1"}],"replies":[{"embeddable":true,"href":"https:\/\/motors.cl\/corporativo\/wp-json\/wp\/v2\/comments?post=1068"}],"version-history":[{"count":36,"href":"https:\/\/motors.cl\/corporativo\/wp-json\/wp\/v2\/posts\/1068\/revisions"}],"predecessor-version":[{"id":3098,"href":"https:\/\/motors.cl\/corporativo\/wp-json\/wp\/v2\/posts\/1068\/revisions\/3098"}],"wp:featuredmedia":[{"embeddable":true,"href":"https:\/\/motors.cl\/corporativo\/wp-json\/wp\/v2\/media\/2020"}],"wp:attachment":[{"href":"https:\/\/motors.cl\/corporativo\/wp-json\/wp\/v2\/media?parent=1068"}],"wp:term":[{"taxonomy":"category","embeddable":true,"href":"https:\/\/motors.cl\/corporativo\/wp-json\/wp\/v2\/categories?post=1068"},{"taxonomy":"post_tag","embeddable":true,"href":"https:\/\/motors.cl\/corporativo\/wp-json\/wp\/v2\/tags?post=1068"}],"curies":[{"name":"wp","href":"https:\/\/api.w.org\/{rel}","templated":true}]}}