{"id":1065,"date":"2021-11-02T12:13:27","date_gmt":"2021-11-02T15:13:27","guid":{"rendered":"https:\/\/motors.cl\/corporativo\/?p=1065"},"modified":"2024-06-25T17:11:00","modified_gmt":"2024-06-25T20:11:00","slug":"serv-vehiculos-diesel","status":"publish","type":"post","link":"https:\/\/motors.cl\/corporativo\/serv-vehiculos-diesel\/","title":{"rendered":"Serv. Veh\u00edculos Diesel"},"content":{"rendered":"<p><img decoding=\"async\" loading=\"lazy\" class=\"aligncenter wp-image-3031 size-full\" src=\"https:\/\/motors.cl\/corporativo\/wp-content\/uploads\/2021\/11\/llamanos-diesel.jpg\" alt=\"\" width=\"770\" height=\"129\" srcset=\"https:\/\/motors.cl\/corporativo\/wp-content\/uploads\/2021\/11\/llamanos-diesel.jpg 770w, https:\/\/motors.cl\/corporativo\/wp-content\/uploads\/2021\/11\/llamanos-diesel-300x50.jpg 300w, https:\/\/motors.cl\/corporativo\/wp-content\/uploads\/2021\/11\/llamanos-diesel-768x129.jpg 768w, https:\/\/motors.cl\/corporativo\/wp-content\/uploads\/2021\/11\/llamanos-diesel-700x117.jpg 700w\" sizes=\"(max-width: 770px) 100vw, 770px\" \/><\/p>\n<p>Si tienes algunos de estos problemas, nuestros mec\u00e1nicos especializados lo solucionan:<\/p>\n<ul>\n<li>El veh\u00edculo no arranca o lo hace con dificultad.<\/li>\n<li>Pierde potencia.<\/li>\n<li>Emite humo.<\/li>\n<li>Tiene el motor inestable y\/o ruidoso.<\/li>\n<li>Se enciende alguna luz en el panel de instrumento<\/li>\n<li>Necesita mantenci\u00f3n.<\/li>\n<li>No pasa la revisi\u00f3n t\u00e9cnica<\/li>\n<li>Le echaste otro combustible.<\/li>\n<\/ul>\n<p>&nbsp;<\/p>\n<h2 style=\"text-align: center;\">Somos la soluci\u00f3n que tu motor Diesel de \u00faltima generaci\u00f3n necesita.<\/h2>\n<p><img decoding=\"async\" loading=\"lazy\" class=\" wp-image-2515 alignleft\" src=\"https:\/\/motors.cl\/corporativo\/wp-content\/uploads\/2021\/11\/img1.jpg\" alt=\"\" width=\"159\" height=\"158\" \/><\/p>\n<p>En Authi\u00e8vre Motors contamos con una l<b>arga experiencia y tray<\/b><b>ectoria <\/b>solucionando los problemas de este tipo de autom\u00f3viles.<\/p>\n<p>&nbsp;<\/p>\n<p>&nbsp;<\/p>\n<p>&nbsp;<\/p>\n<div>\n<p><img decoding=\"async\" loading=\"lazy\" class=\" wp-image-2516 alignleft\" src=\"https:\/\/motors.cl\/corporativo\/wp-content\/uploads\/2021\/11\/ima3.jpg\" alt=\"\" width=\"159\" height=\"158\" \/><\/p>\n<p><b>Tecnolog\u00eda de \u00faltima generaci\u00f3n: <\/b>tenemos uno de los Laboratorios Di\u00e9sel m\u00e1s modernos de Sudam\u00e9rica.<\/p>\n<\/div>\n<p><b>Mec\u00e1nicos expertos: <\/b>realizan la evaluaci\u00f3n, reparaci\u00f3n y recuperaci\u00f3n de distintos Sistemas de inyecci\u00f3n.<\/p>\n<hr \/>\n<h3>Disponible en:<\/h3>\n<p>(haga clic en la sucursal y cont\u00e1ctese con nosotros)<br \/>\n[vc_accordion active_tab=\u00bb1&#8243; style=\u00bbtoggle\u00bb][vc_accordion_tab title=\u00bbCasa Matriz\u00bb]\n<div class=\"wpcf7 no-js\" id=\"wpcf7-f1399-o1\" lang=\"es-ES\" dir=\"ltr\">\n<div class=\"screen-reader-response\"><p role=\"status\" aria-live=\"polite\" aria-atomic=\"true\"><\/p> <ul><\/ul><\/div>\n<form action=\"\/corporativo\/wp-json\/wp\/v2\/posts\/1065#wpcf7-f1399-o1\" method=\"post\" class=\"wpcf7-form init default\" aria-label=\"Formulario de contacto\" novalidate=\"novalidate\" data-status=\"init\">\n<div style=\"display: none;\">\n<input type=\"hidden\" name=\"_wpcf7\" value=\"1399\" \/>\n<input type=\"hidden\" name=\"_wpcf7_version\" value=\"5.7.5.1\" \/>\n<input type=\"hidden\" name=\"_wpcf7_locale\" value=\"es_ES\" \/>\n<input type=\"hidden\" name=\"_wpcf7_unit_tag\" value=\"wpcf7-f1399-o1\" \/>\n<input type=\"hidden\" name=\"_wpcf7_container_post\" value=\"0\" \/>\n<input type=\"hidden\" name=\"_wpcf7_posted_data_hash\" value=\"\" \/>\n<input type=\"hidden\" name=\"_wpcf7dtx_version\" value=\"5.0.5\" \/>\n<\/div>\n<hr \/>\n<p>Carmen 856, Santiago Centro.<br \/>\n<a class=\"unsubscribe\" href=\"tel:+5622 2223918\">Fono: 22 222 3918 \u2013 22 635 2218.<br \/>\n<\/a><br \/>\n<a href=\"mailto:servicios@authievre.cl\">Email: servicios@authievre.cl<\/a><br \/>\n<a href=\"mailto:laboratoriodiesel@authievere.cl\">Email: laboratoriodiesel@authievre.cl<\/a>\n<\/p>\n<p><iframe src=\"https:\/\/www.google.com\/maps\/embed?pb=!1m18!1m12!1m3!1d3328.8064542820093!2d-70.64224778440028!3d-33.45434868077273!2m3!1f0!2f0!3f0!3m2!1i1024!2i768!4f13.1!3m3!1m2!1s0x9662c5721ee12bc3%3A0xb3b4362079c497ba!2sCarmen%20856%2C%20Santiago%2C%20Regi%C3%B3n%20Metropolitana!5e0!3m2!1ses!2scl!4v1641302698628!5m2!1ses!2scl\" width=\"100%\" height=\"450\" style=\"border:0;\" allowfullscreen=\"\" loading=\"lazy\"><\/iframe>\n<\/p>\n<hr \/><div class=\"wpcf7-response-output\" aria-hidden=\"true\"><\/div>\n<\/form>\n<\/div>\n[\/vc_accordion_tab]<br \/>\n[\/vc_accordion]<\/p>\n<p><script>!function(a,m,o,c,r,m){a[o+c]=a[o+c]||{setMeta:function(p){this.params=(this.params||[]).concat([p])}},a[o+r]=a[o+r]||function(f){a[o+r].f=(a[o+r].f||[]).concat([f])},a[o+r]({id:\"1100803\",hash:\"795061c90b999287d4b3f9d0882a2f91\",locale:\"es\"}),a[o+m]=a[o+m]||function(f,k){a[o+m].f=(a[o+m].f||[]).concat([[f,k]])}}(window,0,\"amo_forms_\",\"params\",\"load\",\"loaded\");<\/script><script id=\"amoforms_script_1100803\" async=\"async\" charset=\"utf-8\" src=\"https:\/\/forms.kommo.com\/forms\/assets\/js\/amoforms.js?1686086658\"><\/script><\/p>\n","protected":false},"excerpt":{"rendered":"<p>Si tienes algunos de estos problemas, nuestros mec\u00e1nicos especializados lo solucionan: El veh\u00edculo no arranca o lo hace con dificultad&#8230;.<\/p>\n","protected":false},"author":1,"featured_media":2374,"comment_status":"open","ping_status":"open","sticky":false,"template":"","format":"standard","meta":{"_exactmetrics_skip_tracking":false,"_exactmetrics_sitenote_active":false,"_exactmetrics_sitenote_note":"","_exactmetrics_sitenote_category":0},"categories":[21],"tags":[],"yoast_head":"<!-- This site is optimized with the Yoast SEO plugin v21.0 - https:\/\/yoast.com\/wordpress\/plugins\/seo\/ -->\n<title>Serv. Veh\u00edculos Diesel - Authievre Motors<\/title>\n<meta name=\"robots\" content=\"index, follow, max-snippet:-1, max-image-preview:large, max-video-preview:-1\" \/>\n<link rel=\"canonical\" href=\"https:\/\/motors.cl\/corporativo\/serv-vehiculos-diesel\/\" \/>\n<meta property=\"og:locale\" content=\"es_ES\" \/>\n<meta property=\"og:type\" content=\"article\" \/>\n<meta property=\"og:title\" content=\"Serv. Veh\u00edculos Diesel - Authievre Motors\" \/>\n<meta property=\"og:description\" content=\"Si tienes algunos de estos problemas, nuestros mec\u00e1nicos especializados lo solucionan: El veh\u00edculo no arranca o lo hace con dificultad....\" \/>\n<meta property=\"og:url\" content=\"https:\/\/motors.cl\/corporativo\/serv-vehiculos-diesel\/\" \/>\n<meta property=\"og:site_name\" content=\"Authievre Motors\" \/>\n<meta property=\"article:published_time\" content=\"2021-11-02T15:13:27+00:00\" \/>\n<meta property=\"article:modified_time\" content=\"2024-06-25T20:11:00+00:00\" \/>\n<meta property=\"og:image\" content=\"https:\/\/motors.cl\/corporativo\/wp-content\/uploads\/2021\/11\/Serv.-Vehiculos-Diesel-1.jpg\" \/>\n\t<meta property=\"og:image:width\" content=\"770\" \/>\n\t<meta property=\"og:image:height\" content=\"510\" \/>\n\t<meta property=\"og:image:type\" content=\"image\/jpeg\" \/>\n<meta name=\"author\" content=\"nuestroadmin\" \/>\n<meta name=\"twitter:card\" content=\"summary_large_image\" \/>\n<meta name=\"twitter:label1\" content=\"Escrito por\" \/>\n\t<meta name=\"twitter:data1\" content=\"nuestroadmin\" \/>\n\t<meta name=\"twitter:label2\" content=\"Tiempo de lectura\" \/>\n\t<meta name=\"twitter:data2\" content=\"1 minuto\" \/>\n<script type=\"application\/ld+json\" class=\"yoast-schema-graph\">{\"@context\":\"https:\/\/schema.org\",\"@graph\":[{\"@type\":\"Article\",\"@id\":\"https:\/\/motors.cl\/corporativo\/serv-vehiculos-diesel\/#article\",\"isPartOf\":{\"@id\":\"https:\/\/motors.cl\/corporativo\/serv-vehiculos-diesel\/\"},\"author\":{\"name\":\"nuestroadmin\",\"@id\":\"https:\/\/motors.cl\/corporativo\/#\/schema\/person\/322fec2183d10b5d8c8428c1bfb5c3ff\"},\"headline\":\"Serv. Veh\u00edculos Diesel\",\"datePublished\":\"2021-11-02T15:13:27+00:00\",\"dateModified\":\"2024-06-25T20:11:00+00:00\",\"mainEntityOfPage\":{\"@id\":\"https:\/\/motors.cl\/corporativo\/serv-vehiculos-diesel\/\"},\"wordCount\":169,\"commentCount\":0,\"publisher\":{\"@id\":\"https:\/\/motors.cl\/corporativo\/#organization\"},\"articleSection\":[\"Casa Matriz\"],\"inLanguage\":\"es\",\"potentialAction\":[{\"@type\":\"CommentAction\",\"name\":\"Comment\",\"target\":[\"https:\/\/motors.cl\/corporativo\/serv-vehiculos-diesel\/#respond\"]}]},{\"@type\":\"WebPage\",\"@id\":\"https:\/\/motors.cl\/corporativo\/serv-vehiculos-diesel\/\",\"url\":\"https:\/\/motors.cl\/corporativo\/serv-vehiculos-diesel\/\",\"name\":\"Serv. Veh\u00edculos Diesel - Authievre Motors\",\"isPartOf\":{\"@id\":\"https:\/\/motors.cl\/corporativo\/#website\"},\"datePublished\":\"2021-11-02T15:13:27+00:00\",\"dateModified\":\"2024-06-25T20:11:00+00:00\",\"breadcrumb\":{\"@id\":\"https:\/\/motors.cl\/corporativo\/serv-vehiculos-diesel\/#breadcrumb\"},\"inLanguage\":\"es\",\"potentialAction\":[{\"@type\":\"ReadAction\",\"target\":[\"https:\/\/motors.cl\/corporativo\/serv-vehiculos-diesel\/\"]}]},{\"@type\":\"BreadcrumbList\",\"@id\":\"https:\/\/motors.cl\/corporativo\/serv-vehiculos-diesel\/#breadcrumb\",\"itemListElement\":[{\"@type\":\"ListItem\",\"position\":1,\"name\":\"Portada\",\"item\":\"https:\/\/motors.cl\/corporativo\/\"},{\"@type\":\"ListItem\",\"position\":2,\"name\":\"Serv. Veh\u00edculos Diesel\"}]},{\"@type\":\"WebSite\",\"@id\":\"https:\/\/motors.cl\/corporativo\/#website\",\"url\":\"https:\/\/motors.cl\/corporativo\/\",\"name\":\"Authievre Motors\",\"description\":\"Mec\u00e1nica Diesel, Servicios Automotriz y Neum\u00e1ticos\",\"publisher\":{\"@id\":\"https:\/\/motors.cl\/corporativo\/#organization\"},\"potentialAction\":[{\"@type\":\"SearchAction\",\"target\":{\"@type\":\"EntryPoint\",\"urlTemplate\":\"https:\/\/motors.cl\/corporativo\/?s={search_term_string}\"},\"query-input\":\"required name=search_term_string\"}],\"inLanguage\":\"es\"},{\"@type\":\"Organization\",\"@id\":\"https:\/\/motors.cl\/corporativo\/#organization\",\"name\":\"Authievre Motors\",\"url\":\"https:\/\/motors.cl\/corporativo\/\",\"logo\":{\"@type\":\"ImageObject\",\"inLanguage\":\"es\",\"@id\":\"https:\/\/motors.cl\/corporativo\/#\/schema\/logo\/image\/\",\"url\":\"https:\/\/motors.cl\/corporativo\/wp-content\/uploads\/2021\/02\/logo-motors.png\",\"contentUrl\":\"https:\/\/motors.cl\/corporativo\/wp-content\/uploads\/2021\/02\/logo-motors.png\",\"width\":139,\"height\":69,\"caption\":\"Authievre Motors\"},\"image\":{\"@id\":\"https:\/\/motors.cl\/corporativo\/#\/schema\/logo\/image\/\"}},{\"@type\":\"Person\",\"@id\":\"https:\/\/motors.cl\/corporativo\/#\/schema\/person\/322fec2183d10b5d8c8428c1bfb5c3ff\",\"name\":\"nuestroadmin\",\"image\":{\"@type\":\"ImageObject\",\"inLanguage\":\"es\",\"@id\":\"https:\/\/motors.cl\/corporativo\/#\/schema\/person\/image\/\",\"url\":\"https:\/\/secure.gravatar.com\/avatar\/faa86faec0cf738206d9edce3e90bac4?s=96&d=mm&r=g\",\"contentUrl\":\"https:\/\/secure.gravatar.com\/avatar\/faa86faec0cf738206d9edce3e90bac4?s=96&d=mm&r=g\",\"caption\":\"nuestroadmin\"},\"sameAs\":[\"http:\/\/motors.cl\/2021\"],\"url\":\"https:\/\/motors.cl\/corporativo\/author\/nuestroadmin\/\"}]}<\/script>\n<!-- \/ Yoast SEO plugin. -->","yoast_head_json":{"title":"Serv. Veh\u00edculos Diesel - Authievre Motors","robots":{"index":"index","follow":"follow","max-snippet":"max-snippet:-1","max-image-preview":"max-image-preview:large","max-video-preview":"max-video-preview:-1"},"canonical":"https:\/\/motors.cl\/corporativo\/serv-vehiculos-diesel\/","og_locale":"es_ES","og_type":"article","og_title":"Serv. Veh\u00edculos Diesel - Authievre Motors","og_description":"Si tienes algunos de estos problemas, nuestros mec\u00e1nicos especializados lo solucionan: El veh\u00edculo no arranca o lo hace con dificultad....","og_url":"https:\/\/motors.cl\/corporativo\/serv-vehiculos-diesel\/","og_site_name":"Authievre Motors","article_published_time":"2021-11-02T15:13:27+00:00","article_modified_time":"2024-06-25T20:11:00+00:00","og_image":[{"width":770,"height":510,"url":"https:\/\/motors.cl\/corporativo\/wp-content\/uploads\/2021\/11\/Serv.-Vehiculos-Diesel-1.jpg","type":"image\/jpeg"}],"author":"nuestroadmin","twitter_card":"summary_large_image","twitter_misc":{"Escrito por":"nuestroadmin","Tiempo de lectura":"1 minuto"},"schema":{"@context":"https:\/\/schema.org","@graph":[{"@type":"Article","@id":"https:\/\/motors.cl\/corporativo\/serv-vehiculos-diesel\/#article","isPartOf":{"@id":"https:\/\/motors.cl\/corporativo\/serv-vehiculos-diesel\/"},"author":{"name":"nuestroadmin","@id":"https:\/\/motors.cl\/corporativo\/#\/schema\/person\/322fec2183d10b5d8c8428c1bfb5c3ff"},"headline":"Serv. Veh\u00edculos Diesel","datePublished":"2021-11-02T15:13:27+00:00","dateModified":"2024-06-25T20:11:00+00:00","mainEntityOfPage":{"@id":"https:\/\/motors.cl\/corporativo\/serv-vehiculos-diesel\/"},"wordCount":169,"commentCount":0,"publisher":{"@id":"https:\/\/motors.cl\/corporativo\/#organization"},"articleSection":["Casa Matriz"],"inLanguage":"es","potentialAction":[{"@type":"CommentAction","name":"Comment","target":["https:\/\/motors.cl\/corporativo\/serv-vehiculos-diesel\/#respond"]}]},{"@type":"WebPage","@id":"https:\/\/motors.cl\/corporativo\/serv-vehiculos-diesel\/","url":"https:\/\/motors.cl\/corporativo\/serv-vehiculos-diesel\/","name":"Serv. Veh\u00edculos Diesel - Authievre Motors","isPartOf":{"@id":"https:\/\/motors.cl\/corporativo\/#website"},"datePublished":"2021-11-02T15:13:27+00:00","dateModified":"2024-06-25T20:11:00+00:00","breadcrumb":{"@id":"https:\/\/motors.cl\/corporativo\/serv-vehiculos-diesel\/#breadcrumb"},"inLanguage":"es","potentialAction":[{"@type":"ReadAction","target":["https:\/\/motors.cl\/corporativo\/serv-vehiculos-diesel\/"]}]},{"@type":"BreadcrumbList","@id":"https:\/\/motors.cl\/corporativo\/serv-vehiculos-diesel\/#breadcrumb","itemListElement":[{"@type":"ListItem","position":1,"name":"Portada","item":"https:\/\/motors.cl\/corporativo\/"},{"@type":"ListItem","position":2,"name":"Serv. Veh\u00edculos Diesel"}]},{"@type":"WebSite","@id":"https:\/\/motors.cl\/corporativo\/#website","url":"https:\/\/motors.cl\/corporativo\/","name":"Authievre Motors","description":"Mec\u00e1nica Diesel, Servicios Automotriz y Neum\u00e1ticos","publisher":{"@id":"https:\/\/motors.cl\/corporativo\/#organization"},"potentialAction":[{"@type":"SearchAction","target":{"@type":"EntryPoint","urlTemplate":"https:\/\/motors.cl\/corporativo\/?s={search_term_string}"},"query-input":"required name=search_term_string"}],"inLanguage":"es"},{"@type":"Organization","@id":"https:\/\/motors.cl\/corporativo\/#organization","name":"Authievre Motors","url":"https:\/\/motors.cl\/corporativo\/","logo":{"@type":"ImageObject","inLanguage":"es","@id":"https:\/\/motors.cl\/corporativo\/#\/schema\/logo\/image\/","url":"https:\/\/motors.cl\/corporativo\/wp-content\/uploads\/2021\/02\/logo-motors.png","contentUrl":"https:\/\/motors.cl\/corporativo\/wp-content\/uploads\/2021\/02\/logo-motors.png","width":139,"height":69,"caption":"Authievre Motors"},"image":{"@id":"https:\/\/motors.cl\/corporativo\/#\/schema\/logo\/image\/"}},{"@type":"Person","@id":"https:\/\/motors.cl\/corporativo\/#\/schema\/person\/322fec2183d10b5d8c8428c1bfb5c3ff","name":"nuestroadmin","image":{"@type":"ImageObject","inLanguage":"es","@id":"https:\/\/motors.cl\/corporativo\/#\/schema\/person\/image\/","url":"https:\/\/secure.gravatar.com\/avatar\/faa86faec0cf738206d9edce3e90bac4?s=96&d=mm&r=g","contentUrl":"https:\/\/secure.gravatar.com\/avatar\/faa86faec0cf738206d9edce3e90bac4?s=96&d=mm&r=g","caption":"nuestroadmin"},"sameAs":["http:\/\/motors.cl\/2021"],"url":"https:\/\/motors.cl\/corporativo\/author\/nuestroadmin\/"}]}},"_links":{"self":[{"href":"https:\/\/motors.cl\/corporativo\/wp-json\/wp\/v2\/posts\/1065"}],"collection":[{"href":"https:\/\/motors.cl\/corporativo\/wp-json\/wp\/v2\/posts"}],"about":[{"href":"https:\/\/motors.cl\/corporativo\/wp-json\/wp\/v2\/types\/post"}],"author":[{"embeddable":true,"href":"https:\/\/motors.cl\/corporativo\/wp-json\/wp\/v2\/users\/1"}],"replies":[{"embeddable":true,"href":"https:\/\/motors.cl\/corporativo\/wp-json\/wp\/v2\/comments?post=1065"}],"version-history":[{"count":34,"href":"https:\/\/motors.cl\/corporativo\/wp-json\/wp\/v2\/posts\/1065\/revisions"}],"predecessor-version":[{"id":3035,"href":"https:\/\/motors.cl\/corporativo\/wp-json\/wp\/v2\/posts\/1065\/revisions\/3035"}],"wp:featuredmedia":[{"embeddable":true,"href":"https:\/\/motors.cl\/corporativo\/wp-json\/wp\/v2\/media\/2374"}],"wp:attachment":[{"href":"https:\/\/motors.cl\/corporativo\/wp-json\/wp\/v2\/media?parent=1065"}],"wp:term":[{"taxonomy":"category","embeddable":true,"href":"https:\/\/motors.cl\/corporativo\/wp-json\/wp\/v2\/categories?post=1065"},{"taxonomy":"post_tag","embeddable":true,"href":"https:\/\/motors.cl\/corporativo\/wp-json\/wp\/v2\/tags?post=1065"}],"curies":[{"name":"wp","href":"https:\/\/api.w.org\/{rel}","templated":true}]}}