{"id":1062,"date":"2021-11-15T12:11:27","date_gmt":"2021-11-15T15:11:27","guid":{"rendered":"https:\/\/motors.cl\/corporativo\/?p=1062"},"modified":"2025-05-26T17:21:02","modified_gmt":"2025-05-26T20:21:02","slug":"descarbonizado","status":"publish","type":"post","link":"https:\/\/motors.cl\/corporativo\/descarbonizado\/","title":{"rendered":"Descarbonizado"},"content":{"rendered":"<p>Con el descarbonizado, el motor de tu veh\u00edculo vuelve a su m\u00e1ximo rendimiento, y funciona como si acabara de salir de f\u00e1brica.<span class=\"Apple-converted-space\">\u00a0<\/span><\/p>\n<p>Pasa la Revisi\u00f3n T\u00e9cnica sin problemas, evitando el rechazo de gases y alta opacidad diesel.<\/p>\n<p style=\"text-align: center;\">[vc_video link=&#8217;https:\/\/youtu.be\/3T99iWiSuek&#8217;]<\/p>\n<p><img decoding=\"async\" loading=\"lazy\" class=\"size-full wp-image-2591 aligncenter\" src=\"https:\/\/motors.cl\/corporativo\/wp-content\/uploads\/2021\/11\/Descarbonizado_1.jpg\" alt=\"\" width=\"886\" height=\"116\" \/><\/p>\n<p><img decoding=\"async\" loading=\"lazy\" class=\"size-full wp-image-2592 alignleft\" src=\"https:\/\/motors.cl\/corporativo\/wp-content\/uploads\/2021\/11\/img.jpg\" alt=\"\" width=\"200\" height=\"200\" \/><\/p>\n<p>Si tu auto presenta algunos de estos s\u00edntomas, no cabe duda de que acumula un exceso de carbonsillo en el motor:<\/p>\n<ul>\n<li>El escape emite un denso humo de color negro.<\/li>\n<li>Consume m\u00e1s de lo habitual.<\/li>\n<li>No tiene la potencia de antes.<\/li>\n<\/ul>\n<p>&nbsp;<\/p>\n<p>&nbsp;<\/p>\n<p><img decoding=\"async\" loading=\"lazy\" class=\"size-full wp-image-2596 aligncenter\" src=\"https:\/\/motors.cl\/corporativo\/wp-content\/uploads\/2021\/11\/beneficios.jpg\" alt=\"\" width=\"886\" height=\"161\" \/><\/p>\n<table>\n<tbody>\n<tr>\n<td width=\"50%\"><img decoding=\"async\" loading=\"lazy\" class=\" wp-image-2598 alignleft\" src=\"https:\/\/motors.cl\/corporativo\/wp-content\/uploads\/2021\/11\/img1-1.jpg\" alt=\"\" width=\"155\" height=\"155\" \/><b>Aumenta la potencia y par motor,<\/b> ya que la compresi\u00f3n de los cilindros y el trabajo del bloque volver\u00e1n a ser \u00f3ptimos.<\/td>\n<td><img decoding=\"async\" loading=\"lazy\" class=\"wp-image-2600 alignleft\" src=\"https:\/\/motors.cl\/corporativo\/wp-content\/uploads\/2021\/11\/img2.jpg\" alt=\"\" width=\"154\" height=\"154\" \/><strong>Reduce el consumo:<\/strong> como el motor no tiene que hacer tantos esfuerzos, no necesita tantos recursos para llegar al m\u00e1ximo rendimiento.<\/td>\n<\/tr>\n<\/tbody>\n<\/table>\n<table>\n<tbody>\n<tr>\n<td width=\"50%\"><img decoding=\"async\" loading=\"lazy\" class=\"wp-image-2717 alignleft\" src=\"https:\/\/motors.cl\/corporativo\/wp-content\/uploads\/2021\/11\/img-1.jpg\" alt=\"\" width=\"155\" height=\"154\" srcset=\"https:\/\/motors.cl\/corporativo\/wp-content\/uploads\/2021\/11\/img-1.jpg 200w, https:\/\/motors.cl\/corporativo\/wp-content\/uploads\/2021\/11\/img-1-150x150.jpg 150w\" sizes=\"(max-width: 155px) 100vw, 155px\" \/><b>Contamina menos:<\/b> la descarbonizaci\u00f3nhar\u00e1 que desaparezca ese humo negro del escape, que es donde se condensa todos los gases nocivos que se producen en la combusti\u00f3n.<\/td>\n<td><img decoding=\"async\" loading=\"lazy\" class=\"wp-image-2718 alignleft\" src=\"https:\/\/motors.cl\/corporativo\/wp-content\/uploads\/2021\/11\/img2-2.jpg\" alt=\"\" width=\"157\" height=\"156\" srcset=\"https:\/\/motors.cl\/corporativo\/wp-content\/uploads\/2021\/11\/img2-2.jpg 200w, https:\/\/motors.cl\/corporativo\/wp-content\/uploads\/2021\/11\/img2-2-150x150.jpg 150w\" sizes=\"(max-width: 157px) 100vw, 157px\" \/><b>Reduce las vibraciones y el ruido:<\/b> al desaparecer las obstrucciones, el veh\u00edculo circular\u00e1 airosamente al ralent\u00ed y el motor emitir\u00e1 un sonido normal.<\/td>\n<\/tr>\n<\/tbody>\n<\/table>\n<hr \/>\n<h3>Disponible en:<\/h3>\n<p>(haga clic en la sucursal y cont\u00e1ctese con nosotros)<br \/>\n[vc_accordion active_tab=\u00bb1&#8243; style=\u00bbtoggle\u00bb][vc_accordion_tab title=\u00bbCasa Matriz\u00bb]\n<div class=\"wpcf7 no-js\" id=\"wpcf7-f1399-o1\" lang=\"es-ES\" dir=\"ltr\">\n<div class=\"screen-reader-response\"><p role=\"status\" aria-live=\"polite\" aria-atomic=\"true\"><\/p> <ul><\/ul><\/div>\n<form action=\"\/corporativo\/wp-json\/wp\/v2\/posts\/1062#wpcf7-f1399-o1\" method=\"post\" class=\"wpcf7-form init default\" aria-label=\"Formulario de contacto\" novalidate=\"novalidate\" data-status=\"init\">\n<div style=\"display: none;\">\n<input type=\"hidden\" name=\"_wpcf7\" value=\"1399\" \/>\n<input type=\"hidden\" name=\"_wpcf7_version\" value=\"5.7.5.1\" \/>\n<input type=\"hidden\" name=\"_wpcf7_locale\" value=\"es_ES\" \/>\n<input type=\"hidden\" name=\"_wpcf7_unit_tag\" value=\"wpcf7-f1399-o1\" \/>\n<input type=\"hidden\" name=\"_wpcf7_container_post\" value=\"0\" \/>\n<input type=\"hidden\" name=\"_wpcf7_posted_data_hash\" value=\"\" \/>\n<input type=\"hidden\" name=\"_wpcf7dtx_version\" value=\"5.0.5\" \/>\n<\/div>\n<hr \/>\n<p>Carmen 856, Santiago Centro.<br \/>\n<a class=\"unsubscribe\" href=\"tel:+5622 2223918\">Fono: 22 222 3918 \u2013 22 635 2218.<br \/>\n<\/a><br \/>\n<a href=\"mailto:servicios@authievre.cl\">Email: servicios@authievre.cl<\/a><br \/>\n<a href=\"mailto:laboratoriodiesel@authievere.cl\">Email: laboratoriodiesel@authievre.cl<\/a>\n<\/p>\n<p><iframe src=\"https:\/\/www.google.com\/maps\/embed?pb=!1m18!1m12!1m3!1d3328.8064542820093!2d-70.64224778440028!3d-33.45434868077273!2m3!1f0!2f0!3f0!3m2!1i1024!2i768!4f13.1!3m3!1m2!1s0x9662c5721ee12bc3%3A0xb3b4362079c497ba!2sCarmen%20856%2C%20Santiago%2C%20Regi%C3%B3n%20Metropolitana!5e0!3m2!1ses!2scl!4v1641302698628!5m2!1ses!2scl\" width=\"100%\" height=\"450\" style=\"border:0;\" allowfullscreen=\"\" loading=\"lazy\"><\/iframe>\n<\/p>\n<hr \/><div class=\"wpcf7-response-output\" aria-hidden=\"true\"><\/div>\n<\/form>\n<\/div>\n[\/vc_accordion_tab]<br \/>\n[\/vc_accordion]<\/p>\n<hr \/>\n<a  itemprop=\"url\" href=\"https:\/\/motors.cl\/corporativo\/contacto\/\" target=\"_self\"  class=\"qbutton  medium default\" style=\"\">Cont\u00e1ctenos<\/a>\n","protected":false},"excerpt":{"rendered":"<p>Con el descarbonizado, el motor de tu veh\u00edculo vuelve a su m\u00e1ximo rendimiento, y funciona como si acabara de salir&#8230;<\/p>\n","protected":false},"author":1,"featured_media":2389,"comment_status":"open","ping_status":"open","sticky":false,"template":"","format":"standard","meta":{"_exactmetrics_skip_tracking":false,"_exactmetrics_sitenote_active":false,"_exactmetrics_sitenote_note":"","_exactmetrics_sitenote_category":0},"categories":[21,19,29],"tags":[],"yoast_head":"<!-- This site is optimized with the Yoast SEO plugin v21.0 - https:\/\/yoast.com\/wordpress\/plugins\/seo\/ -->\n<title>Descarbonizado - Authievre Motors<\/title>\n<meta name=\"robots\" content=\"index, follow, max-snippet:-1, max-image-preview:large, max-video-preview:-1\" \/>\n<link rel=\"canonical\" href=\"https:\/\/motors.cl\/corporativo\/descarbonizado\/\" \/>\n<meta property=\"og:locale\" content=\"es_ES\" \/>\n<meta property=\"og:type\" content=\"article\" \/>\n<meta property=\"og:title\" content=\"Descarbonizado - Authievre Motors\" \/>\n<meta property=\"og:description\" content=\"Con el descarbonizado, el motor de tu veh\u00edculo vuelve a su m\u00e1ximo rendimiento, y funciona como si acabara de salir...\" \/>\n<meta property=\"og:url\" content=\"https:\/\/motors.cl\/corporativo\/descarbonizado\/\" \/>\n<meta property=\"og:site_name\" content=\"Authievre Motors\" \/>\n<meta property=\"article:published_time\" content=\"2021-11-15T15:11:27+00:00\" \/>\n<meta property=\"article:modified_time\" content=\"2025-05-26T20:21:02+00:00\" \/>\n<meta property=\"og:image\" content=\"https:\/\/motors.cl\/corporativo\/wp-content\/uploads\/2022\/12\/Especializada-Diesel-.jpg\" \/>\n\t<meta property=\"og:image:width\" content=\"67\" \/>\n\t<meta property=\"og:image:height\" content=\"73\" \/>\n\t<meta property=\"og:image:type\" content=\"image\/jpeg\" \/>\n<meta name=\"author\" content=\"nuestroadmin\" \/>\n<meta name=\"twitter:card\" content=\"summary_large_image\" \/>\n<meta name=\"twitter:label1\" content=\"Escrito por\" \/>\n\t<meta name=\"twitter:data1\" content=\"nuestroadmin\" \/>\n\t<meta name=\"twitter:label2\" content=\"Tiempo de lectura\" \/>\n\t<meta name=\"twitter:data2\" content=\"3 minutos\" \/>\n<script type=\"application\/ld+json\" class=\"yoast-schema-graph\">{\"@context\":\"https:\/\/schema.org\",\"@graph\":[{\"@type\":\"Article\",\"@id\":\"https:\/\/motors.cl\/corporativo\/descarbonizado\/#article\",\"isPartOf\":{\"@id\":\"https:\/\/motors.cl\/corporativo\/descarbonizado\/\"},\"author\":{\"name\":\"nuestroadmin\",\"@id\":\"https:\/\/motors.cl\/corporativo\/#\/schema\/person\/322fec2183d10b5d8c8428c1bfb5c3ff\"},\"headline\":\"Descarbonizado\",\"datePublished\":\"2021-11-15T15:11:27+00:00\",\"dateModified\":\"2025-05-26T20:21:02+00:00\",\"mainEntityOfPage\":{\"@id\":\"https:\/\/motors.cl\/corporativo\/descarbonizado\/\"},\"wordCount\":245,\"commentCount\":0,\"publisher\":{\"@id\":\"https:\/\/motors.cl\/corporativo\/#organization\"},\"articleSection\":[\"Casa Matriz\",\"Santiago Centro Serviteca\",\"SERVICIOS DIESEL\"],\"inLanguage\":\"es\",\"potentialAction\":[{\"@type\":\"CommentAction\",\"name\":\"Comment\",\"target\":[\"https:\/\/motors.cl\/corporativo\/descarbonizado\/#respond\"]}]},{\"@type\":\"WebPage\",\"@id\":\"https:\/\/motors.cl\/corporativo\/descarbonizado\/\",\"url\":\"https:\/\/motors.cl\/corporativo\/descarbonizado\/\",\"name\":\"Descarbonizado - Authievre Motors\",\"isPartOf\":{\"@id\":\"https:\/\/motors.cl\/corporativo\/#website\"},\"datePublished\":\"2021-11-15T15:11:27+00:00\",\"dateModified\":\"2025-05-26T20:21:02+00:00\",\"breadcrumb\":{\"@id\":\"https:\/\/motors.cl\/corporativo\/descarbonizado\/#breadcrumb\"},\"inLanguage\":\"es\",\"potentialAction\":[{\"@type\":\"ReadAction\",\"target\":[\"https:\/\/motors.cl\/corporativo\/descarbonizado\/\"]}]},{\"@type\":\"BreadcrumbList\",\"@id\":\"https:\/\/motors.cl\/corporativo\/descarbonizado\/#breadcrumb\",\"itemListElement\":[{\"@type\":\"ListItem\",\"position\":1,\"name\":\"Portada\",\"item\":\"https:\/\/motors.cl\/corporativo\/\"},{\"@type\":\"ListItem\",\"position\":2,\"name\":\"Descarbonizado\"}]},{\"@type\":\"WebSite\",\"@id\":\"https:\/\/motors.cl\/corporativo\/#website\",\"url\":\"https:\/\/motors.cl\/corporativo\/\",\"name\":\"Authievre Motors\",\"description\":\"Mec\u00e1nica Diesel, Servicios Automotriz y Neum\u00e1ticos\",\"publisher\":{\"@id\":\"https:\/\/motors.cl\/corporativo\/#organization\"},\"potentialAction\":[{\"@type\":\"SearchAction\",\"target\":{\"@type\":\"EntryPoint\",\"urlTemplate\":\"https:\/\/motors.cl\/corporativo\/?s={search_term_string}\"},\"query-input\":\"required name=search_term_string\"}],\"inLanguage\":\"es\"},{\"@type\":\"Organization\",\"@id\":\"https:\/\/motors.cl\/corporativo\/#organization\",\"name\":\"Authievre Motors\",\"url\":\"https:\/\/motors.cl\/corporativo\/\",\"logo\":{\"@type\":\"ImageObject\",\"inLanguage\":\"es\",\"@id\":\"https:\/\/motors.cl\/corporativo\/#\/schema\/logo\/image\/\",\"url\":\"https:\/\/motors.cl\/corporativo\/wp-content\/uploads\/2021\/02\/logo-motors.png\",\"contentUrl\":\"https:\/\/motors.cl\/corporativo\/wp-content\/uploads\/2021\/02\/logo-motors.png\",\"width\":139,\"height\":69,\"caption\":\"Authievre Motors\"},\"image\":{\"@id\":\"https:\/\/motors.cl\/corporativo\/#\/schema\/logo\/image\/\"}},{\"@type\":\"Person\",\"@id\":\"https:\/\/motors.cl\/corporativo\/#\/schema\/person\/322fec2183d10b5d8c8428c1bfb5c3ff\",\"name\":\"nuestroadmin\",\"image\":{\"@type\":\"ImageObject\",\"inLanguage\":\"es\",\"@id\":\"https:\/\/motors.cl\/corporativo\/#\/schema\/person\/image\/\",\"url\":\"https:\/\/secure.gravatar.com\/avatar\/faa86faec0cf738206d9edce3e90bac4?s=96&d=mm&r=g\",\"contentUrl\":\"https:\/\/secure.gravatar.com\/avatar\/faa86faec0cf738206d9edce3e90bac4?s=96&d=mm&r=g\",\"caption\":\"nuestroadmin\"},\"sameAs\":[\"http:\/\/motors.cl\/2021\"],\"url\":\"https:\/\/motors.cl\/corporativo\/author\/nuestroadmin\/\"}]}<\/script>\n<!-- \/ Yoast SEO plugin. -->","yoast_head_json":{"title":"Descarbonizado - Authievre Motors","robots":{"index":"index","follow":"follow","max-snippet":"max-snippet:-1","max-image-preview":"max-image-preview:large","max-video-preview":"max-video-preview:-1"},"canonical":"https:\/\/motors.cl\/corporativo\/descarbonizado\/","og_locale":"es_ES","og_type":"article","og_title":"Descarbonizado - Authievre Motors","og_description":"Con el descarbonizado, el motor de tu veh\u00edculo vuelve a su m\u00e1ximo rendimiento, y funciona como si acabara de salir...","og_url":"https:\/\/motors.cl\/corporativo\/descarbonizado\/","og_site_name":"Authievre Motors","article_published_time":"2021-11-15T15:11:27+00:00","article_modified_time":"2025-05-26T20:21:02+00:00","og_image":[{"width":67,"height":73,"url":"https:\/\/motors.cl\/corporativo\/wp-content\/uploads\/2022\/12\/Especializada-Diesel-.jpg","type":"image\/jpeg"}],"author":"nuestroadmin","twitter_card":"summary_large_image","twitter_misc":{"Escrito por":"nuestroadmin","Tiempo de lectura":"3 minutos"},"schema":{"@context":"https:\/\/schema.org","@graph":[{"@type":"Article","@id":"https:\/\/motors.cl\/corporativo\/descarbonizado\/#article","isPartOf":{"@id":"https:\/\/motors.cl\/corporativo\/descarbonizado\/"},"author":{"name":"nuestroadmin","@id":"https:\/\/motors.cl\/corporativo\/#\/schema\/person\/322fec2183d10b5d8c8428c1bfb5c3ff"},"headline":"Descarbonizado","datePublished":"2021-11-15T15:11:27+00:00","dateModified":"2025-05-26T20:21:02+00:00","mainEntityOfPage":{"@id":"https:\/\/motors.cl\/corporativo\/descarbonizado\/"},"wordCount":245,"commentCount":0,"publisher":{"@id":"https:\/\/motors.cl\/corporativo\/#organization"},"articleSection":["Casa Matriz","Santiago Centro Serviteca","SERVICIOS DIESEL"],"inLanguage":"es","potentialAction":[{"@type":"CommentAction","name":"Comment","target":["https:\/\/motors.cl\/corporativo\/descarbonizado\/#respond"]}]},{"@type":"WebPage","@id":"https:\/\/motors.cl\/corporativo\/descarbonizado\/","url":"https:\/\/motors.cl\/corporativo\/descarbonizado\/","name":"Descarbonizado - Authievre Motors","isPartOf":{"@id":"https:\/\/motors.cl\/corporativo\/#website"},"datePublished":"2021-11-15T15:11:27+00:00","dateModified":"2025-05-26T20:21:02+00:00","breadcrumb":{"@id":"https:\/\/motors.cl\/corporativo\/descarbonizado\/#breadcrumb"},"inLanguage":"es","potentialAction":[{"@type":"ReadAction","target":["https:\/\/motors.cl\/corporativo\/descarbonizado\/"]}]},{"@type":"BreadcrumbList","@id":"https:\/\/motors.cl\/corporativo\/descarbonizado\/#breadcrumb","itemListElement":[{"@type":"ListItem","position":1,"name":"Portada","item":"https:\/\/motors.cl\/corporativo\/"},{"@type":"ListItem","position":2,"name":"Descarbonizado"}]},{"@type":"WebSite","@id":"https:\/\/motors.cl\/corporativo\/#website","url":"https:\/\/motors.cl\/corporativo\/","name":"Authievre Motors","description":"Mec\u00e1nica Diesel, Servicios Automotriz y Neum\u00e1ticos","publisher":{"@id":"https:\/\/motors.cl\/corporativo\/#organization"},"potentialAction":[{"@type":"SearchAction","target":{"@type":"EntryPoint","urlTemplate":"https:\/\/motors.cl\/corporativo\/?s={search_term_string}"},"query-input":"required name=search_term_string"}],"inLanguage":"es"},{"@type":"Organization","@id":"https:\/\/motors.cl\/corporativo\/#organization","name":"Authievre Motors","url":"https:\/\/motors.cl\/corporativo\/","logo":{"@type":"ImageObject","inLanguage":"es","@id":"https:\/\/motors.cl\/corporativo\/#\/schema\/logo\/image\/","url":"https:\/\/motors.cl\/corporativo\/wp-content\/uploads\/2021\/02\/logo-motors.png","contentUrl":"https:\/\/motors.cl\/corporativo\/wp-content\/uploads\/2021\/02\/logo-motors.png","width":139,"height":69,"caption":"Authievre Motors"},"image":{"@id":"https:\/\/motors.cl\/corporativo\/#\/schema\/logo\/image\/"}},{"@type":"Person","@id":"https:\/\/motors.cl\/corporativo\/#\/schema\/person\/322fec2183d10b5d8c8428c1bfb5c3ff","name":"nuestroadmin","image":{"@type":"ImageObject","inLanguage":"es","@id":"https:\/\/motors.cl\/corporativo\/#\/schema\/person\/image\/","url":"https:\/\/secure.gravatar.com\/avatar\/faa86faec0cf738206d9edce3e90bac4?s=96&d=mm&r=g","contentUrl":"https:\/\/secure.gravatar.com\/avatar\/faa86faec0cf738206d9edce3e90bac4?s=96&d=mm&r=g","caption":"nuestroadmin"},"sameAs":["http:\/\/motors.cl\/2021"],"url":"https:\/\/motors.cl\/corporativo\/author\/nuestroadmin\/"}]}},"_links":{"self":[{"href":"https:\/\/motors.cl\/corporativo\/wp-json\/wp\/v2\/posts\/1062"}],"collection":[{"href":"https:\/\/motors.cl\/corporativo\/wp-json\/wp\/v2\/posts"}],"about":[{"href":"https:\/\/motors.cl\/corporativo\/wp-json\/wp\/v2\/types\/post"}],"author":[{"embeddable":true,"href":"https:\/\/motors.cl\/corporativo\/wp-json\/wp\/v2\/users\/1"}],"replies":[{"embeddable":true,"href":"https:\/\/motors.cl\/corporativo\/wp-json\/wp\/v2\/comments?post=1062"}],"version-history":[{"count":27,"href":"https:\/\/motors.cl\/corporativo\/wp-json\/wp\/v2\/posts\/1062\/revisions"}],"predecessor-version":[{"id":3124,"href":"https:\/\/motors.cl\/corporativo\/wp-json\/wp\/v2\/posts\/1062\/revisions\/3124"}],"wp:featuredmedia":[{"embeddable":true,"href":"https:\/\/motors.cl\/corporativo\/wp-json\/wp\/v2\/media\/2389"}],"wp:attachment":[{"href":"https:\/\/motors.cl\/corporativo\/wp-json\/wp\/v2\/media?parent=1062"}],"wp:term":[{"taxonomy":"category","embeddable":true,"href":"https:\/\/motors.cl\/corporativo\/wp-json\/wp\/v2\/categories?post=1062"},{"taxonomy":"post_tag","embeddable":true,"href":"https:\/\/motors.cl\/corporativo\/wp-json\/wp\/v2\/tags?post=1062"}],"curies":[{"name":"wp","href":"https:\/\/api.w.org\/{rel}","templated":true}]}}